{"id":993,"date":"2019-07-06T08:00:54","date_gmt":"2019-07-06T06:00:54","guid":{"rendered":"https:\/\/japan-in-baden-wuerttemberg.de\/djg2018\/?p=993"},"modified":"2019-08-19T15:32:34","modified_gmt":"2019-08-19T13:32:34","slug":"liebestraeume-klavierkonzert-mit-mamiko-kimura","status":"publish","type":"post","link":"https:\/\/japan-in-baden-wuerttemberg.de\/djg2018\/liebestraeume-klavierkonzert-mit-mamiko-kimura\/","title":{"rendered":"&#8222;Liebestr\u00e4ume&#8220; \u2013 Klavierkonzert mit Mamiko Kimura"},"content":{"rendered":"<p><strong>Wann und wo?<br \/>\n<\/strong>Sonntag, 18. August 2019, 16 Uhr<br \/>\nIm Theater des Augustinum Stuttgart-Killesberg<br \/>\nOskar-Schlemmer-Stra\u00dfe 5<br \/>\n70191 Stuttgart<\/p>\n<p><strong>Beschreibung<br \/>\n<\/strong>Die junge Pianistin Mamiko Kimura wird Werke von Mendelssohn, Brahms, Liszt, Mozart und Chopin leicht und charismatisch zum Klingen bringen.<\/p>\n<p>Mamiko Kimura schloss ein Studium an der TOHO GAKUEN SCHOOL OF MUSIC in Tokyo im Fach Klavier erfolgreich ab und erhielt 2018 einen Master f\u00fcr Musik von der Ferris University in Yokohama. Seit ihrem 18. Lebensjahr studiert sie bei Takejiro Hirai, Professor Emeritus der Tokyo University of the Arts and D.M.A (Juilliard, New York). Ihr 1. Album \u201eBallade my story\u201c (MK140301) wurde im M\u00e4rz 2014 von der Firma \u201cMardak Entertainment\u201c auf den Markt gebracht.<\/p>\n<p>Im Januar 2015 spielte sie beim NIPPON FOUNDATION-Lunch-Time-Konzert und im April des Jahres trat sie unter der Leitung von Eduardo Marturet mit den Berliner Symphonikern auf und konzertierte als 1. Klavier beim \u201eKarneval der Tiere\u201c von Saint-Sa\u00ebns. 2016 folgte ein Konzert mit dem Geiger Ilya Kaler, der \u00fcber Mamiko Kimura sagt: \u201eIhre technische Kontrolle, ihre innere, nat\u00fcrliche Musikalit\u00e4t und k\u00fcnstlerischen F\u00e4higkeiten sowie eine charismatische B\u00fchnen-Pr\u00e4senz lassen ihre Auftritte unvergesslich werden.\u201c 2018 gastierte sie mit Solokonzerten in Berlin, L\u00fcneburg und Dresden. <em>(Bildquelle: Privat, Kimura)<\/em><\/p>\n<p>In Kooperation mit dem Augustinum Stuttgart-Killesberg<\/p>\n<p>Eintritt frei, um Spenden wird gebeten.<\/p>\n<p><strong>Verkehrsanbindung<\/strong><br \/>\nStadtbahnlinie U5, Haltestelle Killesberg<br \/>\nBuslinie 44, Haltestelle Killesberg<br \/>\nBuslinie 43, Haltestelle Oskar-Schlemmer-Stra\u00dfe<\/p>\n","protected":false},"excerpt":{"rendered":"<p>Wann und wo? Sonntag, 18. August 2019, 16 Uhr Im Theater des Augustinum Stuttgart-Killesberg Oskar-Schlemmer-Stra\u00dfe 5 70191 Stuttgart Beschreibung Die junge Pianistin Mamiko Kimura wird Werke von Mendelssohn, Brahms, Liszt, [&hellip;]<\/p>\n","protected":false},"author":1,"featured_media":992,"comment_status":"closed","ping_status":"closed","sticky":false,"template":"","format":"standard","meta":{"_et_pb_use_builder":"","_et_pb_old_content":"","_et_gb_content_width":"","footnotes":""},"categories":[9],"tags":[41,38,39,40,42],"class_list":["post-993","post","type-post","status-publish","format-standard","has-post-thumbnail","hentry","category-veranstaltungs-berichte","tag-kimura","tag-klavier","tag-konzert","tag-mamiko","tag-pianistin","et-has-post-format-content","et_post_format-et-post-format-standard"],"yoast_head":"<!-- This site is optimized with the Yoast SEO plugin v27.5 - https:\/\/yoast.com\/product\/yoast-seo-wordpress\/ -->\n<title>&quot;Liebestr\u00e4ume&quot; \u2013 Klavierkonzert mit Mamiko Kimura - DJG BW | Deutsch-Japanische Gesellschaft Baden-W\u00fcrttemberg e.V.<\/title>\n<meta name=\"robots\" content=\"index, follow, max-snippet:-1, max-image-preview:large, max-video-preview:-1\" \/>\n<link rel=\"canonical\" href=\"https:\/\/japan-in-baden-wuerttemberg.de\/djg2018\/liebestraeume-klavierkonzert-mit-mamiko-kimura\/\" \/>\n<meta property=\"og:locale\" content=\"de_DE\" \/>\n<meta property=\"og:type\" content=\"article\" \/>\n<meta property=\"og:title\" content=\"&quot;Liebestr\u00e4ume&quot; \u2013 Klavierkonzert mit Mamiko Kimura - DJG BW | Deutsch-Japanische Gesellschaft Baden-W\u00fcrttemberg e.V.\" \/>\n<meta property=\"og:description\" content=\"Wann und wo? Sonntag, 18. August 2019, 16 Uhr Im Theater des Augustinum Stuttgart-Killesberg Oskar-Schlemmer-Stra\u00dfe 5 70191 Stuttgart Beschreibung Die junge Pianistin Mamiko Kimura wird Werke von Mendelssohn, Brahms, Liszt, [&hellip;]\" \/>\n<meta property=\"og:url\" content=\"https:\/\/japan-in-baden-wuerttemberg.de\/djg2018\/liebestraeume-klavierkonzert-mit-mamiko-kimura\/\" \/>\n<meta property=\"og:site_name\" content=\"DJG BW | Deutsch-Japanische Gesellschaft Baden-W\u00fcrttemberg e.V.\" \/>\n<meta property=\"article:published_time\" content=\"2019-07-06T06:00:54+00:00\" \/>\n<meta property=\"article:modified_time\" content=\"2019-08-19T13:32:34+00:00\" \/>\n<meta property=\"og:image\" content=\"https:\/\/japan-in-baden-wuerttemberg.de\/djg2018\/wp-content\/uploads\/2019\/07\/kimura-mamiko.jpg\" \/>\n\t<meta property=\"og:image:width\" content=\"1064\" \/>\n\t<meta property=\"og:image:height\" content=\"787\" \/>\n\t<meta property=\"og:image:type\" content=\"image\/jpeg\" \/>\n<meta name=\"author\" content=\"Redaktion\" \/>\n<meta name=\"twitter:card\" content=\"summary_large_image\" \/>\n<meta name=\"twitter:label1\" content=\"Verfasst von\" \/>\n\t<meta name=\"twitter:data1\" content=\"Redaktion\" \/>\n\t<meta name=\"twitter:label2\" content=\"Gesch\u00e4tzte Lesezeit\" \/>\n\t<meta name=\"twitter:data2\" content=\"1\u00a0Minute\" \/>\n<script type=\"application\/ld+json\" class=\"yoast-schema-graph\">{\"@context\":\"https:\\\/\\\/schema.org\",\"@graph\":[{\"@type\":\"Article\",\"@id\":\"https:\\\/\\\/japan-in-baden-wuerttemberg.de\\\/djg2018\\\/liebestraeume-klavierkonzert-mit-mamiko-kimura\\\/#article\",\"isPartOf\":{\"@id\":\"https:\\\/\\\/japan-in-baden-wuerttemberg.de\\\/djg2018\\\/liebestraeume-klavierkonzert-mit-mamiko-kimura\\\/\"},\"author\":{\"name\":\"Redaktion\",\"@id\":\"https:\\\/\\\/japan-in-baden-wuerttemberg.de\\\/djg2018\\\/#\\\/schema\\\/person\\\/d5ba61c63aeb9f885125e6fae0a8b20c\"},\"headline\":\"&#8222;Liebestr\u00e4ume&#8220; \u2013 Klavierkonzert mit Mamiko Kimura\",\"datePublished\":\"2019-07-06T06:00:54+00:00\",\"dateModified\":\"2019-08-19T13:32:34+00:00\",\"mainEntityOfPage\":{\"@id\":\"https:\\\/\\\/japan-in-baden-wuerttemberg.de\\\/djg2018\\\/liebestraeume-klavierkonzert-mit-mamiko-kimura\\\/\"},\"wordCount\":226,\"publisher\":{\"@id\":\"https:\\\/\\\/japan-in-baden-wuerttemberg.de\\\/djg2018\\\/#organization\"},\"image\":{\"@id\":\"https:\\\/\\\/japan-in-baden-wuerttemberg.de\\\/djg2018\\\/liebestraeume-klavierkonzert-mit-mamiko-kimura\\\/#primaryimage\"},\"thumbnailUrl\":\"https:\\\/\\\/japan-in-baden-wuerttemberg.de\\\/djg2018\\\/wp-content\\\/uploads\\\/2019\\\/07\\\/kimura-mamiko.jpg\",\"keywords\":[\"kimura\",\"klavier\",\"konzert\",\"mamiko\",\"pianistin\"],\"articleSection\":[\"Veranstaltungs-Berichte\"],\"inLanguage\":\"de\"},{\"@type\":\"WebPage\",\"@id\":\"https:\\\/\\\/japan-in-baden-wuerttemberg.de\\\/djg2018\\\/liebestraeume-klavierkonzert-mit-mamiko-kimura\\\/\",\"url\":\"https:\\\/\\\/japan-in-baden-wuerttemberg.de\\\/djg2018\\\/liebestraeume-klavierkonzert-mit-mamiko-kimura\\\/\",\"name\":\"\\\"Liebestr\u00e4ume\\\" \u2013 Klavierkonzert mit Mamiko Kimura - DJG BW | Deutsch-Japanische Gesellschaft Baden-W\u00fcrttemberg e.V.\",\"isPartOf\":{\"@id\":\"https:\\\/\\\/japan-in-baden-wuerttemberg.de\\\/djg2018\\\/#website\"},\"primaryImageOfPage\":{\"@id\":\"https:\\\/\\\/japan-in-baden-wuerttemberg.de\\\/djg2018\\\/liebestraeume-klavierkonzert-mit-mamiko-kimura\\\/#primaryimage\"},\"image\":{\"@id\":\"https:\\\/\\\/japan-in-baden-wuerttemberg.de\\\/djg2018\\\/liebestraeume-klavierkonzert-mit-mamiko-kimura\\\/#primaryimage\"},\"thumbnailUrl\":\"https:\\\/\\\/japan-in-baden-wuerttemberg.de\\\/djg2018\\\/wp-content\\\/uploads\\\/2019\\\/07\\\/kimura-mamiko.jpg\",\"datePublished\":\"2019-07-06T06:00:54+00:00\",\"dateModified\":\"2019-08-19T13:32:34+00:00\",\"breadcrumb\":{\"@id\":\"https:\\\/\\\/japan-in-baden-wuerttemberg.de\\\/djg2018\\\/liebestraeume-klavierkonzert-mit-mamiko-kimura\\\/#breadcrumb\"},\"inLanguage\":\"de\",\"potentialAction\":[{\"@type\":\"ReadAction\",\"target\":[\"https:\\\/\\\/japan-in-baden-wuerttemberg.de\\\/djg2018\\\/liebestraeume-klavierkonzert-mit-mamiko-kimura\\\/\"]}]},{\"@type\":\"ImageObject\",\"inLanguage\":\"de\",\"@id\":\"https:\\\/\\\/japan-in-baden-wuerttemberg.de\\\/djg2018\\\/liebestraeume-klavierkonzert-mit-mamiko-kimura\\\/#primaryimage\",\"url\":\"https:\\\/\\\/japan-in-baden-wuerttemberg.de\\\/djg2018\\\/wp-content\\\/uploads\\\/2019\\\/07\\\/kimura-mamiko.jpg\",\"contentUrl\":\"https:\\\/\\\/japan-in-baden-wuerttemberg.de\\\/djg2018\\\/wp-content\\\/uploads\\\/2019\\\/07\\\/kimura-mamiko.jpg\",\"width\":1064,\"height\":787},{\"@type\":\"BreadcrumbList\",\"@id\":\"https:\\\/\\\/japan-in-baden-wuerttemberg.de\\\/djg2018\\\/liebestraeume-klavierkonzert-mit-mamiko-kimura\\\/#breadcrumb\",\"itemListElement\":[{\"@type\":\"ListItem\",\"position\":1,\"name\":\"Startseite\",\"item\":\"https:\\\/\\\/japan-in-baden-wuerttemberg.de\\\/djg2018\\\/\"},{\"@type\":\"ListItem\",\"position\":2,\"name\":\"&#8222;Liebestr\u00e4ume&#8220; \u2013 Klavierkonzert mit Mamiko Kimura\"}]},{\"@type\":\"WebSite\",\"@id\":\"https:\\\/\\\/japan-in-baden-wuerttemberg.de\\\/djg2018\\\/#website\",\"url\":\"https:\\\/\\\/japan-in-baden-wuerttemberg.de\\\/djg2018\\\/\",\"name\":\"DJG BW | Deutsch-Japanische Gesellschaft Baden-W\u00fcrttemberg e.V.\",\"description\":\"\",\"publisher\":{\"@id\":\"https:\\\/\\\/japan-in-baden-wuerttemberg.de\\\/djg2018\\\/#organization\"},\"potentialAction\":[{\"@type\":\"SearchAction\",\"target\":{\"@type\":\"EntryPoint\",\"urlTemplate\":\"https:\\\/\\\/japan-in-baden-wuerttemberg.de\\\/djg2018\\\/?s={search_term_string}\"},\"query-input\":{\"@type\":\"PropertyValueSpecification\",\"valueRequired\":true,\"valueName\":\"search_term_string\"}}],\"inLanguage\":\"de\"},{\"@type\":\"Organization\",\"@id\":\"https:\\\/\\\/japan-in-baden-wuerttemberg.de\\\/djg2018\\\/#organization\",\"name\":\"Deutsch-Japanische Gesellschaft Baden-W\u00fcrttemberg e.V.\",\"url\":\"https:\\\/\\\/japan-in-baden-wuerttemberg.de\\\/djg2018\\\/\",\"logo\":{\"@type\":\"ImageObject\",\"inLanguage\":\"de\",\"@id\":\"https:\\\/\\\/japan-in-baden-wuerttemberg.de\\\/djg2018\\\/#\\\/schema\\\/logo\\\/image\\\/\",\"url\":\"https:\\\/\\\/japan-in-baden-wuerttemberg.de\\\/djg2018\\\/wp-content\\\/uploads\\\/2018\\\/12\\\/djg_bw_logo2.jpg\",\"contentUrl\":\"https:\\\/\\\/japan-in-baden-wuerttemberg.de\\\/djg2018\\\/wp-content\\\/uploads\\\/2018\\\/12\\\/djg_bw_logo2.jpg\",\"width\":708,\"height\":200,\"caption\":\"Deutsch-Japanische Gesellschaft Baden-W\u00fcrttemberg e.V.\"},\"image\":{\"@id\":\"https:\\\/\\\/japan-in-baden-wuerttemberg.de\\\/djg2018\\\/#\\\/schema\\\/logo\\\/image\\\/\"}},{\"@type\":\"Person\",\"@id\":\"https:\\\/\\\/japan-in-baden-wuerttemberg.de\\\/djg2018\\\/#\\\/schema\\\/person\\\/d5ba61c63aeb9f885125e6fae0a8b20c\",\"name\":\"Redaktion\",\"image\":{\"@type\":\"ImageObject\",\"inLanguage\":\"de\",\"@id\":\"https:\\\/\\\/japan-in-baden-wuerttemberg.de\\\/djg2018\\\/wp-content\\\/wphb-cache\\\/gravatar\\\/5cb\\\/5cb9854e344676cae1832d3b7566e6f1x96.jpg\",\"url\":\"https:\\\/\\\/japan-in-baden-wuerttemberg.de\\\/djg2018\\\/wp-content\\\/wphb-cache\\\/gravatar\\\/5cb\\\/5cb9854e344676cae1832d3b7566e6f1x96.jpg\",\"contentUrl\":\"https:\\\/\\\/japan-in-baden-wuerttemberg.de\\\/djg2018\\\/wp-content\\\/wphb-cache\\\/gravatar\\\/5cb\\\/5cb9854e344676cae1832d3b7566e6f1x96.jpg\",\"caption\":\"Redaktion\"},\"url\":\"https:\\\/\\\/japan-in-baden-wuerttemberg.de\\\/djg2018\\\/author\\\/david\\\/\"}]}<\/script>\n<!-- \/ Yoast SEO plugin. -->","yoast_head_json":{"title":"\"Liebestr\u00e4ume\" \u2013 Klavierkonzert mit Mamiko Kimura - DJG BW | Deutsch-Japanische Gesellschaft Baden-W\u00fcrttemberg e.V.","robots":{"index":"index","follow":"follow","max-snippet":"max-snippet:-1","max-image-preview":"max-image-preview:large","max-video-preview":"max-video-preview:-1"},"canonical":"https:\/\/japan-in-baden-wuerttemberg.de\/djg2018\/liebestraeume-klavierkonzert-mit-mamiko-kimura\/","og_locale":"de_DE","og_type":"article","og_title":"\"Liebestr\u00e4ume\" \u2013 Klavierkonzert mit Mamiko Kimura - DJG BW | Deutsch-Japanische Gesellschaft Baden-W\u00fcrttemberg e.V.","og_description":"Wann und wo? Sonntag, 18. August 2019, 16 Uhr Im Theater des Augustinum Stuttgart-Killesberg Oskar-Schlemmer-Stra\u00dfe 5 70191 Stuttgart Beschreibung Die junge Pianistin Mamiko Kimura wird Werke von Mendelssohn, Brahms, Liszt, [&hellip;]","og_url":"https:\/\/japan-in-baden-wuerttemberg.de\/djg2018\/liebestraeume-klavierkonzert-mit-mamiko-kimura\/","og_site_name":"DJG BW | Deutsch-Japanische Gesellschaft Baden-W\u00fcrttemberg e.V.","article_published_time":"2019-07-06T06:00:54+00:00","article_modified_time":"2019-08-19T13:32:34+00:00","og_image":[{"width":1064,"height":787,"url":"https:\/\/japan-in-baden-wuerttemberg.de\/djg2018\/wp-content\/uploads\/2019\/07\/kimura-mamiko.jpg","type":"image\/jpeg"}],"author":"Redaktion","twitter_card":"summary_large_image","twitter_misc":{"Verfasst von":"Redaktion","Gesch\u00e4tzte Lesezeit":"1\u00a0Minute"},"schema":{"@context":"https:\/\/schema.org","@graph":[{"@type":"Article","@id":"https:\/\/japan-in-baden-wuerttemberg.de\/djg2018\/liebestraeume-klavierkonzert-mit-mamiko-kimura\/#article","isPartOf":{"@id":"https:\/\/japan-in-baden-wuerttemberg.de\/djg2018\/liebestraeume-klavierkonzert-mit-mamiko-kimura\/"},"author":{"name":"Redaktion","@id":"https:\/\/japan-in-baden-wuerttemberg.de\/djg2018\/#\/schema\/person\/d5ba61c63aeb9f885125e6fae0a8b20c"},"headline":"&#8222;Liebestr\u00e4ume&#8220; \u2013 Klavierkonzert mit Mamiko Kimura","datePublished":"2019-07-06T06:00:54+00:00","dateModified":"2019-08-19T13:32:34+00:00","mainEntityOfPage":{"@id":"https:\/\/japan-in-baden-wuerttemberg.de\/djg2018\/liebestraeume-klavierkonzert-mit-mamiko-kimura\/"},"wordCount":226,"publisher":{"@id":"https:\/\/japan-in-baden-wuerttemberg.de\/djg2018\/#organization"},"image":{"@id":"https:\/\/japan-in-baden-wuerttemberg.de\/djg2018\/liebestraeume-klavierkonzert-mit-mamiko-kimura\/#primaryimage"},"thumbnailUrl":"https:\/\/japan-in-baden-wuerttemberg.de\/djg2018\/wp-content\/uploads\/2019\/07\/kimura-mamiko.jpg","keywords":["kimura","klavier","konzert","mamiko","pianistin"],"articleSection":["Veranstaltungs-Berichte"],"inLanguage":"de"},{"@type":"WebPage","@id":"https:\/\/japan-in-baden-wuerttemberg.de\/djg2018\/liebestraeume-klavierkonzert-mit-mamiko-kimura\/","url":"https:\/\/japan-in-baden-wuerttemberg.de\/djg2018\/liebestraeume-klavierkonzert-mit-mamiko-kimura\/","name":"\"Liebestr\u00e4ume\" \u2013 Klavierkonzert mit Mamiko Kimura - DJG BW | Deutsch-Japanische Gesellschaft Baden-W\u00fcrttemberg e.V.","isPartOf":{"@id":"https:\/\/japan-in-baden-wuerttemberg.de\/djg2018\/#website"},"primaryImageOfPage":{"@id":"https:\/\/japan-in-baden-wuerttemberg.de\/djg2018\/liebestraeume-klavierkonzert-mit-mamiko-kimura\/#primaryimage"},"image":{"@id":"https:\/\/japan-in-baden-wuerttemberg.de\/djg2018\/liebestraeume-klavierkonzert-mit-mamiko-kimura\/#primaryimage"},"thumbnailUrl":"https:\/\/japan-in-baden-wuerttemberg.de\/djg2018\/wp-content\/uploads\/2019\/07\/kimura-mamiko.jpg","datePublished":"2019-07-06T06:00:54+00:00","dateModified":"2019-08-19T13:32:34+00:00","breadcrumb":{"@id":"https:\/\/japan-in-baden-wuerttemberg.de\/djg2018\/liebestraeume-klavierkonzert-mit-mamiko-kimura\/#breadcrumb"},"inLanguage":"de","potentialAction":[{"@type":"ReadAction","target":["https:\/\/japan-in-baden-wuerttemberg.de\/djg2018\/liebestraeume-klavierkonzert-mit-mamiko-kimura\/"]}]},{"@type":"ImageObject","inLanguage":"de","@id":"https:\/\/japan-in-baden-wuerttemberg.de\/djg2018\/liebestraeume-klavierkonzert-mit-mamiko-kimura\/#primaryimage","url":"https:\/\/japan-in-baden-wuerttemberg.de\/djg2018\/wp-content\/uploads\/2019\/07\/kimura-mamiko.jpg","contentUrl":"https:\/\/japan-in-baden-wuerttemberg.de\/djg2018\/wp-content\/uploads\/2019\/07\/kimura-mamiko.jpg","width":1064,"height":787},{"@type":"BreadcrumbList","@id":"https:\/\/japan-in-baden-wuerttemberg.de\/djg2018\/liebestraeume-klavierkonzert-mit-mamiko-kimura\/#breadcrumb","itemListElement":[{"@type":"ListItem","position":1,"name":"Startseite","item":"https:\/\/japan-in-baden-wuerttemberg.de\/djg2018\/"},{"@type":"ListItem","position":2,"name":"&#8222;Liebestr\u00e4ume&#8220; \u2013 Klavierkonzert mit Mamiko Kimura"}]},{"@type":"WebSite","@id":"https:\/\/japan-in-baden-wuerttemberg.de\/djg2018\/#website","url":"https:\/\/japan-in-baden-wuerttemberg.de\/djg2018\/","name":"DJG BW | Deutsch-Japanische Gesellschaft Baden-W\u00fcrttemberg e.V.","description":"","publisher":{"@id":"https:\/\/japan-in-baden-wuerttemberg.de\/djg2018\/#organization"},"potentialAction":[{"@type":"SearchAction","target":{"@type":"EntryPoint","urlTemplate":"https:\/\/japan-in-baden-wuerttemberg.de\/djg2018\/?s={search_term_string}"},"query-input":{"@type":"PropertyValueSpecification","valueRequired":true,"valueName":"search_term_string"}}],"inLanguage":"de"},{"@type":"Organization","@id":"https:\/\/japan-in-baden-wuerttemberg.de\/djg2018\/#organization","name":"Deutsch-Japanische Gesellschaft Baden-W\u00fcrttemberg e.V.","url":"https:\/\/japan-in-baden-wuerttemberg.de\/djg2018\/","logo":{"@type":"ImageObject","inLanguage":"de","@id":"https:\/\/japan-in-baden-wuerttemberg.de\/djg2018\/#\/schema\/logo\/image\/","url":"https:\/\/japan-in-baden-wuerttemberg.de\/djg2018\/wp-content\/uploads\/2018\/12\/djg_bw_logo2.jpg","contentUrl":"https:\/\/japan-in-baden-wuerttemberg.de\/djg2018\/wp-content\/uploads\/2018\/12\/djg_bw_logo2.jpg","width":708,"height":200,"caption":"Deutsch-Japanische Gesellschaft Baden-W\u00fcrttemberg e.V."},"image":{"@id":"https:\/\/japan-in-baden-wuerttemberg.de\/djg2018\/#\/schema\/logo\/image\/"}},{"@type":"Person","@id":"https:\/\/japan-in-baden-wuerttemberg.de\/djg2018\/#\/schema\/person\/d5ba61c63aeb9f885125e6fae0a8b20c","name":"Redaktion","image":{"@type":"ImageObject","inLanguage":"de","@id":"https:\/\/japan-in-baden-wuerttemberg.de\/djg2018\/wp-content\/wphb-cache\/gravatar\/5cb\/5cb9854e344676cae1832d3b7566e6f1x96.jpg","url":"https:\/\/japan-in-baden-wuerttemberg.de\/djg2018\/wp-content\/wphb-cache\/gravatar\/5cb\/5cb9854e344676cae1832d3b7566e6f1x96.jpg","contentUrl":"https:\/\/japan-in-baden-wuerttemberg.de\/djg2018\/wp-content\/wphb-cache\/gravatar\/5cb\/5cb9854e344676cae1832d3b7566e6f1x96.jpg","caption":"Redaktion"},"url":"https:\/\/japan-in-baden-wuerttemberg.de\/djg2018\/author\/david\/"}]}},"_links":{"self":[{"href":"https:\/\/japan-in-baden-wuerttemberg.de\/djg2018\/wp-json\/wp\/v2\/posts\/993","targetHints":{"allow":["GET"]}}],"collection":[{"href":"https:\/\/japan-in-baden-wuerttemberg.de\/djg2018\/wp-json\/wp\/v2\/posts"}],"about":[{"href":"https:\/\/japan-in-baden-wuerttemberg.de\/djg2018\/wp-json\/wp\/v2\/types\/post"}],"author":[{"embeddable":true,"href":"https:\/\/japan-in-baden-wuerttemberg.de\/djg2018\/wp-json\/wp\/v2\/users\/1"}],"replies":[{"embeddable":true,"href":"https:\/\/japan-in-baden-wuerttemberg.de\/djg2018\/wp-json\/wp\/v2\/comments?post=993"}],"version-history":[{"count":0,"href":"https:\/\/japan-in-baden-wuerttemberg.de\/djg2018\/wp-json\/wp\/v2\/posts\/993\/revisions"}],"wp:featuredmedia":[{"embeddable":true,"href":"https:\/\/japan-in-baden-wuerttemberg.de\/djg2018\/wp-json\/wp\/v2\/media\/992"}],"wp:attachment":[{"href":"https:\/\/japan-in-baden-wuerttemberg.de\/djg2018\/wp-json\/wp\/v2\/media?parent=993"}],"wp:term":[{"taxonomy":"category","embeddable":true,"href":"https:\/\/japan-in-baden-wuerttemberg.de\/djg2018\/wp-json\/wp\/v2\/categories?post=993"},{"taxonomy":"post_tag","embeddable":true,"href":"https:\/\/japan-in-baden-wuerttemberg.de\/djg2018\/wp-json\/wp\/v2\/tags?post=993"}],"curies":[{"name":"wp","href":"https:\/\/api.w.org\/{rel}","templated":true}]}}