{"id":8597,"date":"2024-07-01T09:50:59","date_gmt":"2024-07-01T07:50:59","guid":{"rendered":"https:\/\/japan-in-baden-wuerttemberg.de\/djg2018\/?p=8597"},"modified":"2024-08-07T21:21:07","modified_gmt":"2024-08-07T19:21:07","slug":"botschaftervortrag-im-juli","status":"publish","type":"post","link":"https:\/\/japan-in-baden-wuerttemberg.de\/djg2018\/botschaftervortrag-im-juli\/","title":{"rendered":"Vortrag von S.E. Yanagi Hidenao, Botschafter von Japan in Deutschland"},"content":{"rendered":"<p><strong>Datum<\/strong><br \/>\nDienstag, 16.07.2024<\/p>\n<p><strong>Uhrzeit<\/strong><br \/>\nBeginn der Veranstaltung: 18:00 Uhr<\/p>\n<p><strong>Referent<\/strong><br \/>\nS.E. Yanagi Hidenao, Botschafter von Japan in Deutschland<\/p>\n<p><strong>Vortragsthema<\/strong><br \/>\n\u00dcber 70 Jahre Freundschaft Japan-Bundesrepublik Deutschland<\/p>\n<p><strong>Ort der Veranstaltung<\/strong><br \/>\nKonferenzraum &#8222;Karlsruhe&#8220;, 1.OG im Haus der Wirtschaft<br \/>\nWilli-Bleicher-Stra\u00dfe 19<br \/>\n70174 Stuttgart<\/p>\n<p><strong>Anfahrt<\/strong><br \/>\nFu\u00dfweg vom Bahnhof: Sie folgen der K\u00f6nigstra\u00dfe etwa 500 Meter, \u00fcberqueren den Schlossplatz, biegen nach dem Buchhaus Wittwer rechts ein und gehen \u00fcber die Theodor-Heuss-Stra\u00dfe (Fu\u00dfg\u00e4ngerampel) zum Haus der Wirtschaft.<\/p>\n<p><strong>Anfahrt mit \u00f6ffentlichen Verkehrsmitteln<\/strong><br \/>\nS-Bahn: Linien S1 bis S6, Haltestelle Stadtmitte<br \/>\nStadtbahn: Linien U9 und U14, Haltestelle B\u00f6rsenplatz<\/p>\n<p><strong>Anreise mit dem PKW<\/strong><br \/>\nVon der A8 aus M\u00fcnchen: Ausfahrt Degerloch, \u00fcber die B27 Richtung Stadtmitte<br \/>\nVon der A8 aus Karlsruhe: Ausfahrt Autobahnkreuz Stuttgart, \u00fcber die B14 Richtung Stadtmitte<br \/>\nVon der A81 aus Heilbronn: Ausfahrt Zuffenhausen, \u00fcber die B10 und B27 Richtung Stadtmitte<\/p>\n<p><strong>Parkm\u00f6glichkeiten<\/strong><br \/>\nParkhaus Hofdienergarage, Zufahrt \u00fcber Schellingstra\u00dfe<br \/>\nTiefgarage Friedrichsbau, Zufahrt \u00fcber Huberstra\u00dfe<\/p>\n<p><strong>Beschreibung<br \/>\n<\/strong>Wir freuen uns sehr, unsere Mitglieder und Japan-Interessierten zu einer besonderen Veranstaltung einladen zu k\u00f6nnen: S.E. Hidenao Yanagi, Botschafter von Japan mit Dienstsitz in Berlin, wird nach Stuttgart kommen, um einen Vortrag f\u00fcr uns zu halten. Botschafter Yanagi bekleidete von 2014 bis 2017 das Amt des Generalkonsuls in M\u00fcnchen und war in dieser Zeit auch f\u00fcr unser Bundesland Baden-W\u00fcrttemberg zust\u00e4ndig. Er besuchte w\u00e4hrend seiner Amtszeit h\u00e4ufig Veranstaltungen in Stuttgart und hielt auch einen Vortrag bei unserer DJG BW. Deshalb ist es f\u00fcr uns eine ganz besondere Freude, dass Herr Botschafter Yanagi uns nun mit einem Besuch beehrt. In Zusammenarbeit mit Baden-W\u00fcrttemberg International &#8211; Gesellschaft f\u00fcr internationale wirtschaftliche und wissenschaftliche Zusammenarbeit (BWi) wird diese Veranstaltung im Konferenzraum &#8222;Karlsruhe&#8220; im &#8222;Haus der Wirtschaft&#8220;, dem ehemaligen Landesgewerbemuseum, stattfinden. Bitte nehmen Sie die Gelegenheit wahr, dem Vortrag eines Diplomaten, der Deutschland schon sehr lange kennt, \u00fcber die Beziehungen unserer beiden L\u00e4nder zuzuh\u00f6ren. Im Anschluss daran k\u00f6nnen Sie auch gerne Fragen stellen.<\/p>\n<p>Botschafter Yanagi, der in Konstanz studierte, wird \u00fcber die japanisch-deutschen Beziehungen \u2013 mit dem Schwerpunkt auf den letzten siebzig Jahren \u2013 sprechen, mit denen er als Diplomat pers\u00f6nlich \u00fcber vierzig Jahre hinweg befasst war. Den Fokus richtet er dabei nicht allein auf Politik und Wirtschaft, sondern auch auf die Gef\u00fchle der Menschen in beiden L\u00e4ndern.<\/p>\n<p>Die Vortragssprache ist Deutsch.<\/p>\n<p><strong>Eintritt<\/strong><br \/>\nDer Eintritt ist frei.<\/p>\n<p><strong>Anmeldung<\/strong><br \/>\nAnmeldung erbeten bis <span style=\"text-decoration: underline;\">13.07.24<\/span> unter <a class=\"moz-txt-link-abbreviated\" href=\"mailto:s.germann@posteo.de\">s.germann@posteo.de<\/a><\/p>\n","protected":false},"excerpt":{"rendered":"<p>Wir freuen uns sehr, unsere Mitglieder und Japan-Interessierten zu einer besonderen Veranstaltung einladen zu k\u00f6nnen!<\/p>\n","protected":false},"author":1,"featured_media":8603,"comment_status":"closed","ping_status":"closed","sticky":false,"template":"","format":"standard","meta":{"_et_pb_use_builder":"","_et_pb_old_content":"","_et_gb_content_width":"","footnotes":""},"categories":[9],"tags":[29],"class_list":["post-8597","post","type-post","status-publish","format-standard","has-post-thumbnail","hentry","category-veranstaltungs-berichte","tag-vortrag","et-has-post-format-content","et_post_format-et-post-format-standard"],"yoast_head":"<!-- This site is optimized with the Yoast SEO plugin v27.5 - https:\/\/yoast.com\/product\/yoast-seo-wordpress\/ -->\n<title>Vortrag von S.E. Yanagi Hidenao, Botschafter von Japan in Deutschland - DJG BW | Deutsch-Japanische Gesellschaft Baden-W\u00fcrttemberg e.V.<\/title>\n<meta name=\"robots\" content=\"index, follow, max-snippet:-1, max-image-preview:large, max-video-preview:-1\" \/>\n<link rel=\"canonical\" href=\"https:\/\/japan-in-baden-wuerttemberg.de\/djg2018\/botschaftervortrag-im-juli\/\" \/>\n<meta property=\"og:locale\" content=\"de_DE\" \/>\n<meta property=\"og:type\" content=\"article\" \/>\n<meta property=\"og:title\" content=\"Vortrag von S.E. Yanagi Hidenao, Botschafter von Japan in Deutschland - DJG BW | Deutsch-Japanische Gesellschaft Baden-W\u00fcrttemberg e.V.\" \/>\n<meta property=\"og:description\" content=\"Wir freuen uns sehr, unsere Mitglieder und Japan-Interessierten zu einer besonderen Veranstaltung einladen zu k\u00f6nnen!\" \/>\n<meta property=\"og:url\" content=\"https:\/\/japan-in-baden-wuerttemberg.de\/djg2018\/botschaftervortrag-im-juli\/\" \/>\n<meta property=\"og:site_name\" content=\"DJG BW | Deutsch-Japanische Gesellschaft Baden-W\u00fcrttemberg e.V.\" \/>\n<meta property=\"article:published_time\" content=\"2024-07-01T07:50:59+00:00\" \/>\n<meta property=\"article:modified_time\" content=\"2024-08-07T19:21:07+00:00\" \/>\n<meta property=\"og:image\" content=\"https:\/\/japan-in-baden-wuerttemberg.de\/djg2018\/wp-content\/uploads\/2024\/06\/Hidenao-Yanagi.jpg\" \/>\n\t<meta property=\"og:image:width\" content=\"1440\" \/>\n\t<meta property=\"og:image:height\" content=\"900\" \/>\n\t<meta property=\"og:image:type\" content=\"image\/jpeg\" \/>\n<meta name=\"author\" content=\"Redaktion\" \/>\n<meta name=\"twitter:card\" content=\"summary_large_image\" \/>\n<meta name=\"twitter:label1\" content=\"Verfasst von\" \/>\n\t<meta name=\"twitter:data1\" content=\"Redaktion\" \/>\n\t<meta name=\"twitter:label2\" content=\"Gesch\u00e4tzte Lesezeit\" \/>\n\t<meta name=\"twitter:data2\" content=\"3\u00a0Minuten\" \/>\n<script type=\"application\/ld+json\" class=\"yoast-schema-graph\">{\"@context\":\"https:\\\/\\\/schema.org\",\"@graph\":[{\"@type\":\"Article\",\"@id\":\"https:\\\/\\\/japan-in-baden-wuerttemberg.de\\\/djg2018\\\/botschaftervortrag-im-juli\\\/#article\",\"isPartOf\":{\"@id\":\"https:\\\/\\\/japan-in-baden-wuerttemberg.de\\\/djg2018\\\/botschaftervortrag-im-juli\\\/\"},\"author\":{\"name\":\"Redaktion\",\"@id\":\"https:\\\/\\\/japan-in-baden-wuerttemberg.de\\\/djg2018\\\/#\\\/schema\\\/person\\\/d5ba61c63aeb9f885125e6fae0a8b20c\"},\"headline\":\"Vortrag von S.E. Yanagi Hidenao, Botschafter von Japan in Deutschland\",\"datePublished\":\"2024-07-01T07:50:59+00:00\",\"dateModified\":\"2024-08-07T19:21:07+00:00\",\"mainEntityOfPage\":{\"@id\":\"https:\\\/\\\/japan-in-baden-wuerttemberg.de\\\/djg2018\\\/botschaftervortrag-im-juli\\\/\"},\"wordCount\":405,\"publisher\":{\"@id\":\"https:\\\/\\\/japan-in-baden-wuerttemberg.de\\\/djg2018\\\/#organization\"},\"image\":{\"@id\":\"https:\\\/\\\/japan-in-baden-wuerttemberg.de\\\/djg2018\\\/botschaftervortrag-im-juli\\\/#primaryimage\"},\"thumbnailUrl\":\"https:\\\/\\\/japan-in-baden-wuerttemberg.de\\\/djg2018\\\/wp-content\\\/uploads\\\/2024\\\/06\\\/Hidenao-Yanagi.jpg\",\"keywords\":[\"Vortrag\"],\"articleSection\":[\"Veranstaltungs-Berichte\"],\"inLanguage\":\"de\"},{\"@type\":\"WebPage\",\"@id\":\"https:\\\/\\\/japan-in-baden-wuerttemberg.de\\\/djg2018\\\/botschaftervortrag-im-juli\\\/\",\"url\":\"https:\\\/\\\/japan-in-baden-wuerttemberg.de\\\/djg2018\\\/botschaftervortrag-im-juli\\\/\",\"name\":\"Vortrag von S.E. Yanagi Hidenao, Botschafter von Japan in Deutschland - DJG BW | Deutsch-Japanische Gesellschaft Baden-W\u00fcrttemberg e.V.\",\"isPartOf\":{\"@id\":\"https:\\\/\\\/japan-in-baden-wuerttemberg.de\\\/djg2018\\\/#website\"},\"primaryImageOfPage\":{\"@id\":\"https:\\\/\\\/japan-in-baden-wuerttemberg.de\\\/djg2018\\\/botschaftervortrag-im-juli\\\/#primaryimage\"},\"image\":{\"@id\":\"https:\\\/\\\/japan-in-baden-wuerttemberg.de\\\/djg2018\\\/botschaftervortrag-im-juli\\\/#primaryimage\"},\"thumbnailUrl\":\"https:\\\/\\\/japan-in-baden-wuerttemberg.de\\\/djg2018\\\/wp-content\\\/uploads\\\/2024\\\/06\\\/Hidenao-Yanagi.jpg\",\"datePublished\":\"2024-07-01T07:50:59+00:00\",\"dateModified\":\"2024-08-07T19:21:07+00:00\",\"breadcrumb\":{\"@id\":\"https:\\\/\\\/japan-in-baden-wuerttemberg.de\\\/djg2018\\\/botschaftervortrag-im-juli\\\/#breadcrumb\"},\"inLanguage\":\"de\",\"potentialAction\":[{\"@type\":\"ReadAction\",\"target\":[\"https:\\\/\\\/japan-in-baden-wuerttemberg.de\\\/djg2018\\\/botschaftervortrag-im-juli\\\/\"]}]},{\"@type\":\"ImageObject\",\"inLanguage\":\"de\",\"@id\":\"https:\\\/\\\/japan-in-baden-wuerttemberg.de\\\/djg2018\\\/botschaftervortrag-im-juli\\\/#primaryimage\",\"url\":\"https:\\\/\\\/japan-in-baden-wuerttemberg.de\\\/djg2018\\\/wp-content\\\/uploads\\\/2024\\\/06\\\/Hidenao-Yanagi.jpg\",\"contentUrl\":\"https:\\\/\\\/japan-in-baden-wuerttemberg.de\\\/djg2018\\\/wp-content\\\/uploads\\\/2024\\\/06\\\/Hidenao-Yanagi.jpg\",\"width\":1440,\"height\":900,\"caption\":\"S.E. YANAGI Hidenao, Botschafter von Japan in Deutschland\"},{\"@type\":\"BreadcrumbList\",\"@id\":\"https:\\\/\\\/japan-in-baden-wuerttemberg.de\\\/djg2018\\\/botschaftervortrag-im-juli\\\/#breadcrumb\",\"itemListElement\":[{\"@type\":\"ListItem\",\"position\":1,\"name\":\"Startseite\",\"item\":\"https:\\\/\\\/japan-in-baden-wuerttemberg.de\\\/djg2018\\\/\"},{\"@type\":\"ListItem\",\"position\":2,\"name\":\"Vortrag von S.E. Yanagi Hidenao, Botschafter von Japan in Deutschland\"}]},{\"@type\":\"WebSite\",\"@id\":\"https:\\\/\\\/japan-in-baden-wuerttemberg.de\\\/djg2018\\\/#website\",\"url\":\"https:\\\/\\\/japan-in-baden-wuerttemberg.de\\\/djg2018\\\/\",\"name\":\"DJG BW | Deutsch-Japanische Gesellschaft Baden-W\u00fcrttemberg e.V.\",\"description\":\"\",\"publisher\":{\"@id\":\"https:\\\/\\\/japan-in-baden-wuerttemberg.de\\\/djg2018\\\/#organization\"},\"potentialAction\":[{\"@type\":\"SearchAction\",\"target\":{\"@type\":\"EntryPoint\",\"urlTemplate\":\"https:\\\/\\\/japan-in-baden-wuerttemberg.de\\\/djg2018\\\/?s={search_term_string}\"},\"query-input\":{\"@type\":\"PropertyValueSpecification\",\"valueRequired\":true,\"valueName\":\"search_term_string\"}}],\"inLanguage\":\"de\"},{\"@type\":\"Organization\",\"@id\":\"https:\\\/\\\/japan-in-baden-wuerttemberg.de\\\/djg2018\\\/#organization\",\"name\":\"Deutsch-Japanische Gesellschaft Baden-W\u00fcrttemberg e.V.\",\"url\":\"https:\\\/\\\/japan-in-baden-wuerttemberg.de\\\/djg2018\\\/\",\"logo\":{\"@type\":\"ImageObject\",\"inLanguage\":\"de\",\"@id\":\"https:\\\/\\\/japan-in-baden-wuerttemberg.de\\\/djg2018\\\/#\\\/schema\\\/logo\\\/image\\\/\",\"url\":\"https:\\\/\\\/japan-in-baden-wuerttemberg.de\\\/djg2018\\\/wp-content\\\/uploads\\\/2018\\\/12\\\/djg_bw_logo2.jpg\",\"contentUrl\":\"https:\\\/\\\/japan-in-baden-wuerttemberg.de\\\/djg2018\\\/wp-content\\\/uploads\\\/2018\\\/12\\\/djg_bw_logo2.jpg\",\"width\":708,\"height\":200,\"caption\":\"Deutsch-Japanische Gesellschaft Baden-W\u00fcrttemberg e.V.\"},\"image\":{\"@id\":\"https:\\\/\\\/japan-in-baden-wuerttemberg.de\\\/djg2018\\\/#\\\/schema\\\/logo\\\/image\\\/\"}},{\"@type\":\"Person\",\"@id\":\"https:\\\/\\\/japan-in-baden-wuerttemberg.de\\\/djg2018\\\/#\\\/schema\\\/person\\\/d5ba61c63aeb9f885125e6fae0a8b20c\",\"name\":\"Redaktion\",\"image\":{\"@type\":\"ImageObject\",\"inLanguage\":\"de\",\"@id\":\"https:\\\/\\\/japan-in-baden-wuerttemberg.de\\\/djg2018\\\/wp-content\\\/wphb-cache\\\/gravatar\\\/5cb\\\/5cb9854e344676cae1832d3b7566e6f1x96.jpg\",\"url\":\"https:\\\/\\\/japan-in-baden-wuerttemberg.de\\\/djg2018\\\/wp-content\\\/wphb-cache\\\/gravatar\\\/5cb\\\/5cb9854e344676cae1832d3b7566e6f1x96.jpg\",\"contentUrl\":\"https:\\\/\\\/japan-in-baden-wuerttemberg.de\\\/djg2018\\\/wp-content\\\/wphb-cache\\\/gravatar\\\/5cb\\\/5cb9854e344676cae1832d3b7566e6f1x96.jpg\",\"caption\":\"Redaktion\"},\"url\":\"https:\\\/\\\/japan-in-baden-wuerttemberg.de\\\/djg2018\\\/author\\\/david\\\/\"}]}<\/script>\n<!-- \/ Yoast SEO plugin. -->","yoast_head_json":{"title":"Vortrag von S.E. Yanagi Hidenao, Botschafter von Japan in Deutschland - DJG BW | Deutsch-Japanische Gesellschaft Baden-W\u00fcrttemberg e.V.","robots":{"index":"index","follow":"follow","max-snippet":"max-snippet:-1","max-image-preview":"max-image-preview:large","max-video-preview":"max-video-preview:-1"},"canonical":"https:\/\/japan-in-baden-wuerttemberg.de\/djg2018\/botschaftervortrag-im-juli\/","og_locale":"de_DE","og_type":"article","og_title":"Vortrag von S.E. Yanagi Hidenao, Botschafter von Japan in Deutschland - DJG BW | Deutsch-Japanische Gesellschaft Baden-W\u00fcrttemberg e.V.","og_description":"Wir freuen uns sehr, unsere Mitglieder und Japan-Interessierten zu einer besonderen Veranstaltung einladen zu k\u00f6nnen!","og_url":"https:\/\/japan-in-baden-wuerttemberg.de\/djg2018\/botschaftervortrag-im-juli\/","og_site_name":"DJG BW | Deutsch-Japanische Gesellschaft Baden-W\u00fcrttemberg e.V.","article_published_time":"2024-07-01T07:50:59+00:00","article_modified_time":"2024-08-07T19:21:07+00:00","og_image":[{"width":1440,"height":900,"url":"https:\/\/japan-in-baden-wuerttemberg.de\/djg2018\/wp-content\/uploads\/2024\/06\/Hidenao-Yanagi.jpg","type":"image\/jpeg"}],"author":"Redaktion","twitter_card":"summary_large_image","twitter_misc":{"Verfasst von":"Redaktion","Gesch\u00e4tzte Lesezeit":"3\u00a0Minuten"},"schema":{"@context":"https:\/\/schema.org","@graph":[{"@type":"Article","@id":"https:\/\/japan-in-baden-wuerttemberg.de\/djg2018\/botschaftervortrag-im-juli\/#article","isPartOf":{"@id":"https:\/\/japan-in-baden-wuerttemberg.de\/djg2018\/botschaftervortrag-im-juli\/"},"author":{"name":"Redaktion","@id":"https:\/\/japan-in-baden-wuerttemberg.de\/djg2018\/#\/schema\/person\/d5ba61c63aeb9f885125e6fae0a8b20c"},"headline":"Vortrag von S.E. Yanagi Hidenao, Botschafter von Japan in Deutschland","datePublished":"2024-07-01T07:50:59+00:00","dateModified":"2024-08-07T19:21:07+00:00","mainEntityOfPage":{"@id":"https:\/\/japan-in-baden-wuerttemberg.de\/djg2018\/botschaftervortrag-im-juli\/"},"wordCount":405,"publisher":{"@id":"https:\/\/japan-in-baden-wuerttemberg.de\/djg2018\/#organization"},"image":{"@id":"https:\/\/japan-in-baden-wuerttemberg.de\/djg2018\/botschaftervortrag-im-juli\/#primaryimage"},"thumbnailUrl":"https:\/\/japan-in-baden-wuerttemberg.de\/djg2018\/wp-content\/uploads\/2024\/06\/Hidenao-Yanagi.jpg","keywords":["Vortrag"],"articleSection":["Veranstaltungs-Berichte"],"inLanguage":"de"},{"@type":"WebPage","@id":"https:\/\/japan-in-baden-wuerttemberg.de\/djg2018\/botschaftervortrag-im-juli\/","url":"https:\/\/japan-in-baden-wuerttemberg.de\/djg2018\/botschaftervortrag-im-juli\/","name":"Vortrag von S.E. Yanagi Hidenao, Botschafter von Japan in Deutschland - DJG BW | Deutsch-Japanische Gesellschaft Baden-W\u00fcrttemberg e.V.","isPartOf":{"@id":"https:\/\/japan-in-baden-wuerttemberg.de\/djg2018\/#website"},"primaryImageOfPage":{"@id":"https:\/\/japan-in-baden-wuerttemberg.de\/djg2018\/botschaftervortrag-im-juli\/#primaryimage"},"image":{"@id":"https:\/\/japan-in-baden-wuerttemberg.de\/djg2018\/botschaftervortrag-im-juli\/#primaryimage"},"thumbnailUrl":"https:\/\/japan-in-baden-wuerttemberg.de\/djg2018\/wp-content\/uploads\/2024\/06\/Hidenao-Yanagi.jpg","datePublished":"2024-07-01T07:50:59+00:00","dateModified":"2024-08-07T19:21:07+00:00","breadcrumb":{"@id":"https:\/\/japan-in-baden-wuerttemberg.de\/djg2018\/botschaftervortrag-im-juli\/#breadcrumb"},"inLanguage":"de","potentialAction":[{"@type":"ReadAction","target":["https:\/\/japan-in-baden-wuerttemberg.de\/djg2018\/botschaftervortrag-im-juli\/"]}]},{"@type":"ImageObject","inLanguage":"de","@id":"https:\/\/japan-in-baden-wuerttemberg.de\/djg2018\/botschaftervortrag-im-juli\/#primaryimage","url":"https:\/\/japan-in-baden-wuerttemberg.de\/djg2018\/wp-content\/uploads\/2024\/06\/Hidenao-Yanagi.jpg","contentUrl":"https:\/\/japan-in-baden-wuerttemberg.de\/djg2018\/wp-content\/uploads\/2024\/06\/Hidenao-Yanagi.jpg","width":1440,"height":900,"caption":"S.E. YANAGI Hidenao, Botschafter von Japan in Deutschland"},{"@type":"BreadcrumbList","@id":"https:\/\/japan-in-baden-wuerttemberg.de\/djg2018\/botschaftervortrag-im-juli\/#breadcrumb","itemListElement":[{"@type":"ListItem","position":1,"name":"Startseite","item":"https:\/\/japan-in-baden-wuerttemberg.de\/djg2018\/"},{"@type":"ListItem","position":2,"name":"Vortrag von S.E. Yanagi Hidenao, Botschafter von Japan in Deutschland"}]},{"@type":"WebSite","@id":"https:\/\/japan-in-baden-wuerttemberg.de\/djg2018\/#website","url":"https:\/\/japan-in-baden-wuerttemberg.de\/djg2018\/","name":"DJG BW | Deutsch-Japanische Gesellschaft Baden-W\u00fcrttemberg e.V.","description":"","publisher":{"@id":"https:\/\/japan-in-baden-wuerttemberg.de\/djg2018\/#organization"},"potentialAction":[{"@type":"SearchAction","target":{"@type":"EntryPoint","urlTemplate":"https:\/\/japan-in-baden-wuerttemberg.de\/djg2018\/?s={search_term_string}"},"query-input":{"@type":"PropertyValueSpecification","valueRequired":true,"valueName":"search_term_string"}}],"inLanguage":"de"},{"@type":"Organization","@id":"https:\/\/japan-in-baden-wuerttemberg.de\/djg2018\/#organization","name":"Deutsch-Japanische Gesellschaft Baden-W\u00fcrttemberg e.V.","url":"https:\/\/japan-in-baden-wuerttemberg.de\/djg2018\/","logo":{"@type":"ImageObject","inLanguage":"de","@id":"https:\/\/japan-in-baden-wuerttemberg.de\/djg2018\/#\/schema\/logo\/image\/","url":"https:\/\/japan-in-baden-wuerttemberg.de\/djg2018\/wp-content\/uploads\/2018\/12\/djg_bw_logo2.jpg","contentUrl":"https:\/\/japan-in-baden-wuerttemberg.de\/djg2018\/wp-content\/uploads\/2018\/12\/djg_bw_logo2.jpg","width":708,"height":200,"caption":"Deutsch-Japanische Gesellschaft Baden-W\u00fcrttemberg e.V."},"image":{"@id":"https:\/\/japan-in-baden-wuerttemberg.de\/djg2018\/#\/schema\/logo\/image\/"}},{"@type":"Person","@id":"https:\/\/japan-in-baden-wuerttemberg.de\/djg2018\/#\/schema\/person\/d5ba61c63aeb9f885125e6fae0a8b20c","name":"Redaktion","image":{"@type":"ImageObject","inLanguage":"de","@id":"https:\/\/japan-in-baden-wuerttemberg.de\/djg2018\/wp-content\/wphb-cache\/gravatar\/5cb\/5cb9854e344676cae1832d3b7566e6f1x96.jpg","url":"https:\/\/japan-in-baden-wuerttemberg.de\/djg2018\/wp-content\/wphb-cache\/gravatar\/5cb\/5cb9854e344676cae1832d3b7566e6f1x96.jpg","contentUrl":"https:\/\/japan-in-baden-wuerttemberg.de\/djg2018\/wp-content\/wphb-cache\/gravatar\/5cb\/5cb9854e344676cae1832d3b7566e6f1x96.jpg","caption":"Redaktion"},"url":"https:\/\/japan-in-baden-wuerttemberg.de\/djg2018\/author\/david\/"}]}},"_links":{"self":[{"href":"https:\/\/japan-in-baden-wuerttemberg.de\/djg2018\/wp-json\/wp\/v2\/posts\/8597","targetHints":{"allow":["GET"]}}],"collection":[{"href":"https:\/\/japan-in-baden-wuerttemberg.de\/djg2018\/wp-json\/wp\/v2\/posts"}],"about":[{"href":"https:\/\/japan-in-baden-wuerttemberg.de\/djg2018\/wp-json\/wp\/v2\/types\/post"}],"author":[{"embeddable":true,"href":"https:\/\/japan-in-baden-wuerttemberg.de\/djg2018\/wp-json\/wp\/v2\/users\/1"}],"replies":[{"embeddable":true,"href":"https:\/\/japan-in-baden-wuerttemberg.de\/djg2018\/wp-json\/wp\/v2\/comments?post=8597"}],"version-history":[{"count":0,"href":"https:\/\/japan-in-baden-wuerttemberg.de\/djg2018\/wp-json\/wp\/v2\/posts\/8597\/revisions"}],"wp:featuredmedia":[{"embeddable":true,"href":"https:\/\/japan-in-baden-wuerttemberg.de\/djg2018\/wp-json\/wp\/v2\/media\/8603"}],"wp:attachment":[{"href":"https:\/\/japan-in-baden-wuerttemberg.de\/djg2018\/wp-json\/wp\/v2\/media?parent=8597"}],"wp:term":[{"taxonomy":"category","embeddable":true,"href":"https:\/\/japan-in-baden-wuerttemberg.de\/djg2018\/wp-json\/wp\/v2\/categories?post=8597"},{"taxonomy":"post_tag","embeddable":true,"href":"https:\/\/japan-in-baden-wuerttemberg.de\/djg2018\/wp-json\/wp\/v2\/tags?post=8597"}],"curies":[{"name":"wp","href":"https:\/\/api.w.org\/{rel}","templated":true}]}}