{"id":6015,"date":"2023-12-20T10:33:13","date_gmt":"2023-12-20T09:33:13","guid":{"rendered":"https:\/\/japan-in-baden-wuerttemberg.de\/djg2018\/?p=6015"},"modified":"2024-01-31T09:58:43","modified_gmt":"2024-01-31T08:58:43","slug":"einladung-japanisches-neujahrsfest-shinnenkai","status":"publish","type":"post","link":"https:\/\/japan-in-baden-wuerttemberg.de\/djg2018\/einladung-japanisches-neujahrsfest-shinnenkai\/","title":{"rendered":"Einladung: Japanisches Neujahrsfest Shinnenkai \u65b0\u5e74\u4f1a"},"content":{"rendered":"<p><strong>Neujahrsfest der Deutsch-Japanischen Gesellschaft BW<br \/>\nReimei \u9ece\u660e<br \/>\nHoch-Zeit Morgenrot<br \/>\nHommage an Hana und Dr. Erwin von Baelz<\/strong><\/p>\n<p>Mit Gesangssolisten und einer Kalligraphie- und Videoperformance mit Ichizu Hashimoto<br \/>\nGesamtleitung Professor Teru Yoshihara<\/p>\n<p><strong>Wann?<\/strong><br \/>\nSamstag, 27.01.2024, ab 18 Uhr, Ende gegen 21:30 Uhr<\/p>\n<p><strong>Wo?<\/strong><br \/>\nIm Literaturhaus Stuttgart, Breitscheidstra\u00dfe 4, 70174 Stuttgart<\/p>\n<p><strong>Kosten?<\/strong><br \/>\n15 \u20ac f\u00fcr Nicht-Mitglieder, 7 \u20ac f\u00fcr DJG-Mitglieder und Studenten<\/p>\n<p><strong>Voranmeldung \/ Kartenkauf<br \/>\n<\/strong>Wir bitten um verbindliche Kartenreservierung unter <span style=\"text-decoration: underline;\"><span style=\"color: #ff0000;\"><a style=\"color: #ff0000; text-decoration: underline;\" href=\"mailto:s.germann@posteo.de\">s.germann@posteo.de<\/a><\/span><\/span><br \/>\nDie vorbestellten Karten werden ab 17:15 Uhr an der Abendkasse verkauft.<strong><br \/>\n<\/strong><\/p>\n<p><strong>Beschreibung<br \/>\n<\/strong>Die Deutsch-Japanische Gesellschaft Baden-W\u00fcrttemberg l\u00e4dt Mitglieder und Nichtmitglieder zum Japanischen Neujahrsfest Shinnenkai \u65b0\u5e74\u4f1a unter dem Motto Remei \u9ece\u660e &#8211; Hoch-Zeit Morgenrot &#8211; Hommage an Hana und Dr. Erwin von Baelz mit Gesangssolisten und einer Kalligraphie- und Video-Performance unter der Gesamtleitung von Professor Teru Yoshihara, Institutsleiter Gesang der HMDK Stuttgart, sehr herzlich ein.<\/p>\n<p>Hana und Dr. Erwin von Baelz waren das erste japanisch-deutsche Ehepaar, das ab 1905 in Stuttgart gelebt hat. Zuvor hatten sie 20 Jahre lang gemeinsam in Tokyo verbracht, wo Baelz als Professor f\u00fcr Innere Medizin an der Kaiserlichen Universit\u00e4t t\u00e4tig war und dar\u00fcber hinaus zahlreiche Beraterfunktionen innehatte. In seiner beispiellosen Karriere war er zudem in das Team der Leib\u00e4rzte der kaiserlichen Familie aufgestiegen. Wir wollen seinen 175. Geburtstag und ihren 160. Geburtstag zum Anlass nehmen, audio-visuell \u00fcber die Schriftzeichen Remei \u9ece\u660eHoch-Zeit Morgenrot uns ihre Lebenswelt zu erschlie\u00dfen und sichtbar zu machen.<\/p>\n<p>Im Anschluss daran laden wir Sie zum gem\u00fctlichen Beisammensein mit Sushi und Getr\u00e4nken ein.<\/p>\n<p><strong>Anfahrt<\/strong><br \/>\nMit \u00f6ffentlichen Verkehrsmitteln: Haltestellen Berliner Platz\/Liederhalle und Berliner Platz\/Hohe Stra\u00dfe<br \/>\nParkh\u00e4user in der Umgebung: Liederhalle\/Bosch-Areal, Tivoli, Schlossstra\u00dfe,<br \/>\nHolzgartenstra\u00dfe und Hofdienergarage<\/p>\n<p><em><span style=\"font-size: 10pt;\">Bildrechte: Kanoko Hashimoto<\/span><\/em><\/p>\n","protected":false},"excerpt":{"rendered":"<p>Die Deutsch-Japanische Gesellschaft Baden-W\u00fcrttemberg l\u00e4dt Mitglieder und Nichtmitglieder zum Japanischen Neujahrsfest Shinnenkai \u65b0\u5e74\u4f1a sehr herzlich ein.<\/p>\n","protected":false},"author":1,"featured_media":6759,"comment_status":"closed","ping_status":"closed","sticky":false,"template":"","format":"standard","meta":{"_et_pb_use_builder":"","_et_pb_old_content":"","_et_gb_content_width":"","footnotes":""},"categories":[9],"tags":[68,67],"class_list":["post-6015","post","type-post","status-publish","format-standard","has-post-thumbnail","hentry","category-veranstaltungs-berichte","tag-neujahrsfest","tag-shinnenkai","et-has-post-format-content","et_post_format-et-post-format-standard"],"yoast_head":"<!-- This site is optimized with the Yoast SEO plugin v27.5 - https:\/\/yoast.com\/product\/yoast-seo-wordpress\/ -->\n<title>Einladung: Japanisches Neujahrsfest Shinnenkai \u65b0\u5e74\u4f1a - DJG BW | Deutsch-Japanische Gesellschaft Baden-W\u00fcrttemberg e.V.<\/title>\n<meta name=\"description\" content=\"Die Deutsch-Japanische Gesellschaft Baden-W\u00fcrttemberg l\u00e4dt Mitglieder und Nichtmitglieder zum Japanischen Neujahrsfest Shinnenkai \u65b0\u5e74\u4f1a unter dem Motto Remei \u9ece\u660e - Hoch-Zeit Morgenrot - Hommage an Hana und Dr. Erwin von Baelz mit Gesangssolisten und einer Kalligraphie- und Video-Performance unter der Gesamtleitung von Professor Teru Yoshihara, Institutsleiter Gesang der HMDK Stuttgart, sehr herzlich ein.\" \/>\n<meta name=\"robots\" content=\"index, follow, max-snippet:-1, max-image-preview:large, max-video-preview:-1\" \/>\n<link rel=\"canonical\" href=\"https:\/\/japan-in-baden-wuerttemberg.de\/djg2018\/einladung-japanisches-neujahrsfest-shinnenkai\/\" \/>\n<meta property=\"og:locale\" content=\"de_DE\" \/>\n<meta property=\"og:type\" content=\"article\" \/>\n<meta property=\"og:title\" content=\"Einladung: Japanisches Neujahrsfest Shinnenkai \u65b0\u5e74\u4f1a - DJG BW | Deutsch-Japanische Gesellschaft Baden-W\u00fcrttemberg e.V.\" \/>\n<meta property=\"og:description\" content=\"Die Deutsch-Japanische Gesellschaft Baden-W\u00fcrttemberg l\u00e4dt Mitglieder und Nichtmitglieder zum Japanischen Neujahrsfest Shinnenkai \u65b0\u5e74\u4f1a unter dem Motto Remei \u9ece\u660e - Hoch-Zeit Morgenrot - Hommage an Hana und Dr. Erwin von Baelz mit Gesangssolisten und einer Kalligraphie- und Video-Performance unter der Gesamtleitung von Professor Teru Yoshihara, Institutsleiter Gesang der HMDK Stuttgart, sehr herzlich ein.\" \/>\n<meta property=\"og:url\" content=\"https:\/\/japan-in-baden-wuerttemberg.de\/djg2018\/einladung-japanisches-neujahrsfest-shinnenkai\/\" \/>\n<meta property=\"og:site_name\" content=\"DJG BW | Deutsch-Japanische Gesellschaft Baden-W\u00fcrttemberg e.V.\" \/>\n<meta property=\"article:published_time\" content=\"2023-12-20T09:33:13+00:00\" \/>\n<meta property=\"article:modified_time\" content=\"2024-01-31T08:58:43+00:00\" \/>\n<meta property=\"og:image\" content=\"https:\/\/japan-in-baden-wuerttemberg.de\/djg2018\/wp-content\/uploads\/2023\/12\/bg-b123.jpg\" \/>\n\t<meta property=\"og:image:width\" content=\"948\" \/>\n\t<meta property=\"og:image:height\" content=\"474\" \/>\n\t<meta property=\"og:image:type\" content=\"image\/jpeg\" \/>\n<meta name=\"author\" content=\"Redaktion\" \/>\n<meta name=\"twitter:card\" content=\"summary_large_image\" \/>\n<meta name=\"twitter:label1\" content=\"Verfasst von\" \/>\n\t<meta name=\"twitter:data1\" content=\"Redaktion\" \/>\n\t<meta name=\"twitter:label2\" content=\"Gesch\u00e4tzte Lesezeit\" \/>\n\t<meta name=\"twitter:data2\" content=\"2\u00a0Minuten\" \/>\n<script type=\"application\/ld+json\" class=\"yoast-schema-graph\">{\"@context\":\"https:\\\/\\\/schema.org\",\"@graph\":[{\"@type\":\"Article\",\"@id\":\"https:\\\/\\\/japan-in-baden-wuerttemberg.de\\\/djg2018\\\/einladung-japanisches-neujahrsfest-shinnenkai\\\/#article\",\"isPartOf\":{\"@id\":\"https:\\\/\\\/japan-in-baden-wuerttemberg.de\\\/djg2018\\\/einladung-japanisches-neujahrsfest-shinnenkai\\\/\"},\"author\":{\"name\":\"Redaktion\",\"@id\":\"https:\\\/\\\/japan-in-baden-wuerttemberg.de\\\/djg2018\\\/#\\\/schema\\\/person\\\/d5ba61c63aeb9f885125e6fae0a8b20c\"},\"headline\":\"Einladung: Japanisches Neujahrsfest Shinnenkai \u65b0\u5e74\u4f1a\",\"datePublished\":\"2023-12-20T09:33:13+00:00\",\"dateModified\":\"2024-01-31T08:58:43+00:00\",\"mainEntityOfPage\":{\"@id\":\"https:\\\/\\\/japan-in-baden-wuerttemberg.de\\\/djg2018\\\/einladung-japanisches-neujahrsfest-shinnenkai\\\/\"},\"wordCount\":272,\"publisher\":{\"@id\":\"https:\\\/\\\/japan-in-baden-wuerttemberg.de\\\/djg2018\\\/#organization\"},\"image\":{\"@id\":\"https:\\\/\\\/japan-in-baden-wuerttemberg.de\\\/djg2018\\\/einladung-japanisches-neujahrsfest-shinnenkai\\\/#primaryimage\"},\"thumbnailUrl\":\"https:\\\/\\\/japan-in-baden-wuerttemberg.de\\\/djg2018\\\/wp-content\\\/uploads\\\/2023\\\/12\\\/bg-b123.jpg\",\"keywords\":[\"Neujahrsfest\",\"Shinnenkai\"],\"articleSection\":[\"Veranstaltungs-Berichte\"],\"inLanguage\":\"de\"},{\"@type\":\"WebPage\",\"@id\":\"https:\\\/\\\/japan-in-baden-wuerttemberg.de\\\/djg2018\\\/einladung-japanisches-neujahrsfest-shinnenkai\\\/\",\"url\":\"https:\\\/\\\/japan-in-baden-wuerttemberg.de\\\/djg2018\\\/einladung-japanisches-neujahrsfest-shinnenkai\\\/\",\"name\":\"Einladung: Japanisches Neujahrsfest Shinnenkai \u65b0\u5e74\u4f1a - DJG BW | Deutsch-Japanische Gesellschaft Baden-W\u00fcrttemberg e.V.\",\"isPartOf\":{\"@id\":\"https:\\\/\\\/japan-in-baden-wuerttemberg.de\\\/djg2018\\\/#website\"},\"primaryImageOfPage\":{\"@id\":\"https:\\\/\\\/japan-in-baden-wuerttemberg.de\\\/djg2018\\\/einladung-japanisches-neujahrsfest-shinnenkai\\\/#primaryimage\"},\"image\":{\"@id\":\"https:\\\/\\\/japan-in-baden-wuerttemberg.de\\\/djg2018\\\/einladung-japanisches-neujahrsfest-shinnenkai\\\/#primaryimage\"},\"thumbnailUrl\":\"https:\\\/\\\/japan-in-baden-wuerttemberg.de\\\/djg2018\\\/wp-content\\\/uploads\\\/2023\\\/12\\\/bg-b123.jpg\",\"datePublished\":\"2023-12-20T09:33:13+00:00\",\"dateModified\":\"2024-01-31T08:58:43+00:00\",\"description\":\"Die Deutsch-Japanische Gesellschaft Baden-W\u00fcrttemberg l\u00e4dt Mitglieder und Nichtmitglieder zum Japanischen Neujahrsfest Shinnenkai \u65b0\u5e74\u4f1a unter dem Motto Remei \u9ece\u660e - Hoch-Zeit Morgenrot - Hommage an Hana und Dr. Erwin von Baelz mit Gesangssolisten und einer Kalligraphie- und Video-Performance unter der Gesamtleitung von Professor Teru Yoshihara, Institutsleiter Gesang der HMDK Stuttgart, sehr herzlich ein.\",\"breadcrumb\":{\"@id\":\"https:\\\/\\\/japan-in-baden-wuerttemberg.de\\\/djg2018\\\/einladung-japanisches-neujahrsfest-shinnenkai\\\/#breadcrumb\"},\"inLanguage\":\"de\",\"potentialAction\":[{\"@type\":\"ReadAction\",\"target\":[\"https:\\\/\\\/japan-in-baden-wuerttemberg.de\\\/djg2018\\\/einladung-japanisches-neujahrsfest-shinnenkai\\\/\"]}]},{\"@type\":\"ImageObject\",\"inLanguage\":\"de\",\"@id\":\"https:\\\/\\\/japan-in-baden-wuerttemberg.de\\\/djg2018\\\/einladung-japanisches-neujahrsfest-shinnenkai\\\/#primaryimage\",\"url\":\"https:\\\/\\\/japan-in-baden-wuerttemberg.de\\\/djg2018\\\/wp-content\\\/uploads\\\/2023\\\/12\\\/bg-b123.jpg\",\"contentUrl\":\"https:\\\/\\\/japan-in-baden-wuerttemberg.de\\\/djg2018\\\/wp-content\\\/uploads\\\/2023\\\/12\\\/bg-b123.jpg\",\"width\":948,\"height\":474},{\"@type\":\"BreadcrumbList\",\"@id\":\"https:\\\/\\\/japan-in-baden-wuerttemberg.de\\\/djg2018\\\/einladung-japanisches-neujahrsfest-shinnenkai\\\/#breadcrumb\",\"itemListElement\":[{\"@type\":\"ListItem\",\"position\":1,\"name\":\"Startseite\",\"item\":\"https:\\\/\\\/japan-in-baden-wuerttemberg.de\\\/djg2018\\\/\"},{\"@type\":\"ListItem\",\"position\":2,\"name\":\"Einladung: Japanisches Neujahrsfest Shinnenkai \u65b0\u5e74\u4f1a\"}]},{\"@type\":\"WebSite\",\"@id\":\"https:\\\/\\\/japan-in-baden-wuerttemberg.de\\\/djg2018\\\/#website\",\"url\":\"https:\\\/\\\/japan-in-baden-wuerttemberg.de\\\/djg2018\\\/\",\"name\":\"DJG BW | Deutsch-Japanische Gesellschaft Baden-W\u00fcrttemberg e.V.\",\"description\":\"\",\"publisher\":{\"@id\":\"https:\\\/\\\/japan-in-baden-wuerttemberg.de\\\/djg2018\\\/#organization\"},\"potentialAction\":[{\"@type\":\"SearchAction\",\"target\":{\"@type\":\"EntryPoint\",\"urlTemplate\":\"https:\\\/\\\/japan-in-baden-wuerttemberg.de\\\/djg2018\\\/?s={search_term_string}\"},\"query-input\":{\"@type\":\"PropertyValueSpecification\",\"valueRequired\":true,\"valueName\":\"search_term_string\"}}],\"inLanguage\":\"de\"},{\"@type\":\"Organization\",\"@id\":\"https:\\\/\\\/japan-in-baden-wuerttemberg.de\\\/djg2018\\\/#organization\",\"name\":\"Deutsch-Japanische Gesellschaft Baden-W\u00fcrttemberg e.V.\",\"url\":\"https:\\\/\\\/japan-in-baden-wuerttemberg.de\\\/djg2018\\\/\",\"logo\":{\"@type\":\"ImageObject\",\"inLanguage\":\"de\",\"@id\":\"https:\\\/\\\/japan-in-baden-wuerttemberg.de\\\/djg2018\\\/#\\\/schema\\\/logo\\\/image\\\/\",\"url\":\"https:\\\/\\\/japan-in-baden-wuerttemberg.de\\\/djg2018\\\/wp-content\\\/uploads\\\/2018\\\/12\\\/djg_bw_logo2.jpg\",\"contentUrl\":\"https:\\\/\\\/japan-in-baden-wuerttemberg.de\\\/djg2018\\\/wp-content\\\/uploads\\\/2018\\\/12\\\/djg_bw_logo2.jpg\",\"width\":708,\"height\":200,\"caption\":\"Deutsch-Japanische Gesellschaft Baden-W\u00fcrttemberg e.V.\"},\"image\":{\"@id\":\"https:\\\/\\\/japan-in-baden-wuerttemberg.de\\\/djg2018\\\/#\\\/schema\\\/logo\\\/image\\\/\"}},{\"@type\":\"Person\",\"@id\":\"https:\\\/\\\/japan-in-baden-wuerttemberg.de\\\/djg2018\\\/#\\\/schema\\\/person\\\/d5ba61c63aeb9f885125e6fae0a8b20c\",\"name\":\"Redaktion\",\"image\":{\"@type\":\"ImageObject\",\"inLanguage\":\"de\",\"@id\":\"https:\\\/\\\/japan-in-baden-wuerttemberg.de\\\/djg2018\\\/wp-content\\\/wphb-cache\\\/gravatar\\\/5cb\\\/5cb9854e344676cae1832d3b7566e6f1x96.jpg\",\"url\":\"https:\\\/\\\/japan-in-baden-wuerttemberg.de\\\/djg2018\\\/wp-content\\\/wphb-cache\\\/gravatar\\\/5cb\\\/5cb9854e344676cae1832d3b7566e6f1x96.jpg\",\"contentUrl\":\"https:\\\/\\\/japan-in-baden-wuerttemberg.de\\\/djg2018\\\/wp-content\\\/wphb-cache\\\/gravatar\\\/5cb\\\/5cb9854e344676cae1832d3b7566e6f1x96.jpg\",\"caption\":\"Redaktion\"},\"url\":\"https:\\\/\\\/japan-in-baden-wuerttemberg.de\\\/djg2018\\\/author\\\/david\\\/\"}]}<\/script>\n<!-- \/ Yoast SEO plugin. -->","yoast_head_json":{"title":"Einladung: Japanisches Neujahrsfest Shinnenkai \u65b0\u5e74\u4f1a - DJG BW | Deutsch-Japanische Gesellschaft Baden-W\u00fcrttemberg e.V.","description":"Die Deutsch-Japanische Gesellschaft Baden-W\u00fcrttemberg l\u00e4dt Mitglieder und Nichtmitglieder zum Japanischen Neujahrsfest Shinnenkai \u65b0\u5e74\u4f1a unter dem Motto Remei \u9ece\u660e - Hoch-Zeit Morgenrot - Hommage an Hana und Dr. Erwin von Baelz mit Gesangssolisten und einer Kalligraphie- und Video-Performance unter der Gesamtleitung von Professor Teru Yoshihara, Institutsleiter Gesang der HMDK Stuttgart, sehr herzlich ein.","robots":{"index":"index","follow":"follow","max-snippet":"max-snippet:-1","max-image-preview":"max-image-preview:large","max-video-preview":"max-video-preview:-1"},"canonical":"https:\/\/japan-in-baden-wuerttemberg.de\/djg2018\/einladung-japanisches-neujahrsfest-shinnenkai\/","og_locale":"de_DE","og_type":"article","og_title":"Einladung: Japanisches Neujahrsfest Shinnenkai \u65b0\u5e74\u4f1a - DJG BW | Deutsch-Japanische Gesellschaft Baden-W\u00fcrttemberg e.V.","og_description":"Die Deutsch-Japanische Gesellschaft Baden-W\u00fcrttemberg l\u00e4dt Mitglieder und Nichtmitglieder zum Japanischen Neujahrsfest Shinnenkai \u65b0\u5e74\u4f1a unter dem Motto Remei \u9ece\u660e - Hoch-Zeit Morgenrot - Hommage an Hana und Dr. Erwin von Baelz mit Gesangssolisten und einer Kalligraphie- und Video-Performance unter der Gesamtleitung von Professor Teru Yoshihara, Institutsleiter Gesang der HMDK Stuttgart, sehr herzlich ein.","og_url":"https:\/\/japan-in-baden-wuerttemberg.de\/djg2018\/einladung-japanisches-neujahrsfest-shinnenkai\/","og_site_name":"DJG BW | Deutsch-Japanische Gesellschaft Baden-W\u00fcrttemberg e.V.","article_published_time":"2023-12-20T09:33:13+00:00","article_modified_time":"2024-01-31T08:58:43+00:00","og_image":[{"width":948,"height":474,"url":"https:\/\/japan-in-baden-wuerttemberg.de\/djg2018\/wp-content\/uploads\/2023\/12\/bg-b123.jpg","type":"image\/jpeg"}],"author":"Redaktion","twitter_card":"summary_large_image","twitter_misc":{"Verfasst von":"Redaktion","Gesch\u00e4tzte Lesezeit":"2\u00a0Minuten"},"schema":{"@context":"https:\/\/schema.org","@graph":[{"@type":"Article","@id":"https:\/\/japan-in-baden-wuerttemberg.de\/djg2018\/einladung-japanisches-neujahrsfest-shinnenkai\/#article","isPartOf":{"@id":"https:\/\/japan-in-baden-wuerttemberg.de\/djg2018\/einladung-japanisches-neujahrsfest-shinnenkai\/"},"author":{"name":"Redaktion","@id":"https:\/\/japan-in-baden-wuerttemberg.de\/djg2018\/#\/schema\/person\/d5ba61c63aeb9f885125e6fae0a8b20c"},"headline":"Einladung: Japanisches Neujahrsfest Shinnenkai \u65b0\u5e74\u4f1a","datePublished":"2023-12-20T09:33:13+00:00","dateModified":"2024-01-31T08:58:43+00:00","mainEntityOfPage":{"@id":"https:\/\/japan-in-baden-wuerttemberg.de\/djg2018\/einladung-japanisches-neujahrsfest-shinnenkai\/"},"wordCount":272,"publisher":{"@id":"https:\/\/japan-in-baden-wuerttemberg.de\/djg2018\/#organization"},"image":{"@id":"https:\/\/japan-in-baden-wuerttemberg.de\/djg2018\/einladung-japanisches-neujahrsfest-shinnenkai\/#primaryimage"},"thumbnailUrl":"https:\/\/japan-in-baden-wuerttemberg.de\/djg2018\/wp-content\/uploads\/2023\/12\/bg-b123.jpg","keywords":["Neujahrsfest","Shinnenkai"],"articleSection":["Veranstaltungs-Berichte"],"inLanguage":"de"},{"@type":"WebPage","@id":"https:\/\/japan-in-baden-wuerttemberg.de\/djg2018\/einladung-japanisches-neujahrsfest-shinnenkai\/","url":"https:\/\/japan-in-baden-wuerttemberg.de\/djg2018\/einladung-japanisches-neujahrsfest-shinnenkai\/","name":"Einladung: Japanisches Neujahrsfest Shinnenkai \u65b0\u5e74\u4f1a - DJG BW | Deutsch-Japanische Gesellschaft Baden-W\u00fcrttemberg e.V.","isPartOf":{"@id":"https:\/\/japan-in-baden-wuerttemberg.de\/djg2018\/#website"},"primaryImageOfPage":{"@id":"https:\/\/japan-in-baden-wuerttemberg.de\/djg2018\/einladung-japanisches-neujahrsfest-shinnenkai\/#primaryimage"},"image":{"@id":"https:\/\/japan-in-baden-wuerttemberg.de\/djg2018\/einladung-japanisches-neujahrsfest-shinnenkai\/#primaryimage"},"thumbnailUrl":"https:\/\/japan-in-baden-wuerttemberg.de\/djg2018\/wp-content\/uploads\/2023\/12\/bg-b123.jpg","datePublished":"2023-12-20T09:33:13+00:00","dateModified":"2024-01-31T08:58:43+00:00","description":"Die Deutsch-Japanische Gesellschaft Baden-W\u00fcrttemberg l\u00e4dt Mitglieder und Nichtmitglieder zum Japanischen Neujahrsfest Shinnenkai \u65b0\u5e74\u4f1a unter dem Motto Remei \u9ece\u660e - Hoch-Zeit Morgenrot - Hommage an Hana und Dr. Erwin von Baelz mit Gesangssolisten und einer Kalligraphie- und Video-Performance unter der Gesamtleitung von Professor Teru Yoshihara, Institutsleiter Gesang der HMDK Stuttgart, sehr herzlich ein.","breadcrumb":{"@id":"https:\/\/japan-in-baden-wuerttemberg.de\/djg2018\/einladung-japanisches-neujahrsfest-shinnenkai\/#breadcrumb"},"inLanguage":"de","potentialAction":[{"@type":"ReadAction","target":["https:\/\/japan-in-baden-wuerttemberg.de\/djg2018\/einladung-japanisches-neujahrsfest-shinnenkai\/"]}]},{"@type":"ImageObject","inLanguage":"de","@id":"https:\/\/japan-in-baden-wuerttemberg.de\/djg2018\/einladung-japanisches-neujahrsfest-shinnenkai\/#primaryimage","url":"https:\/\/japan-in-baden-wuerttemberg.de\/djg2018\/wp-content\/uploads\/2023\/12\/bg-b123.jpg","contentUrl":"https:\/\/japan-in-baden-wuerttemberg.de\/djg2018\/wp-content\/uploads\/2023\/12\/bg-b123.jpg","width":948,"height":474},{"@type":"BreadcrumbList","@id":"https:\/\/japan-in-baden-wuerttemberg.de\/djg2018\/einladung-japanisches-neujahrsfest-shinnenkai\/#breadcrumb","itemListElement":[{"@type":"ListItem","position":1,"name":"Startseite","item":"https:\/\/japan-in-baden-wuerttemberg.de\/djg2018\/"},{"@type":"ListItem","position":2,"name":"Einladung: Japanisches Neujahrsfest Shinnenkai \u65b0\u5e74\u4f1a"}]},{"@type":"WebSite","@id":"https:\/\/japan-in-baden-wuerttemberg.de\/djg2018\/#website","url":"https:\/\/japan-in-baden-wuerttemberg.de\/djg2018\/","name":"DJG BW | Deutsch-Japanische Gesellschaft Baden-W\u00fcrttemberg e.V.","description":"","publisher":{"@id":"https:\/\/japan-in-baden-wuerttemberg.de\/djg2018\/#organization"},"potentialAction":[{"@type":"SearchAction","target":{"@type":"EntryPoint","urlTemplate":"https:\/\/japan-in-baden-wuerttemberg.de\/djg2018\/?s={search_term_string}"},"query-input":{"@type":"PropertyValueSpecification","valueRequired":true,"valueName":"search_term_string"}}],"inLanguage":"de"},{"@type":"Organization","@id":"https:\/\/japan-in-baden-wuerttemberg.de\/djg2018\/#organization","name":"Deutsch-Japanische Gesellschaft Baden-W\u00fcrttemberg e.V.","url":"https:\/\/japan-in-baden-wuerttemberg.de\/djg2018\/","logo":{"@type":"ImageObject","inLanguage":"de","@id":"https:\/\/japan-in-baden-wuerttemberg.de\/djg2018\/#\/schema\/logo\/image\/","url":"https:\/\/japan-in-baden-wuerttemberg.de\/djg2018\/wp-content\/uploads\/2018\/12\/djg_bw_logo2.jpg","contentUrl":"https:\/\/japan-in-baden-wuerttemberg.de\/djg2018\/wp-content\/uploads\/2018\/12\/djg_bw_logo2.jpg","width":708,"height":200,"caption":"Deutsch-Japanische Gesellschaft Baden-W\u00fcrttemberg e.V."},"image":{"@id":"https:\/\/japan-in-baden-wuerttemberg.de\/djg2018\/#\/schema\/logo\/image\/"}},{"@type":"Person","@id":"https:\/\/japan-in-baden-wuerttemberg.de\/djg2018\/#\/schema\/person\/d5ba61c63aeb9f885125e6fae0a8b20c","name":"Redaktion","image":{"@type":"ImageObject","inLanguage":"de","@id":"https:\/\/japan-in-baden-wuerttemberg.de\/djg2018\/wp-content\/wphb-cache\/gravatar\/5cb\/5cb9854e344676cae1832d3b7566e6f1x96.jpg","url":"https:\/\/japan-in-baden-wuerttemberg.de\/djg2018\/wp-content\/wphb-cache\/gravatar\/5cb\/5cb9854e344676cae1832d3b7566e6f1x96.jpg","contentUrl":"https:\/\/japan-in-baden-wuerttemberg.de\/djg2018\/wp-content\/wphb-cache\/gravatar\/5cb\/5cb9854e344676cae1832d3b7566e6f1x96.jpg","caption":"Redaktion"},"url":"https:\/\/japan-in-baden-wuerttemberg.de\/djg2018\/author\/david\/"}]}},"_links":{"self":[{"href":"https:\/\/japan-in-baden-wuerttemberg.de\/djg2018\/wp-json\/wp\/v2\/posts\/6015","targetHints":{"allow":["GET"]}}],"collection":[{"href":"https:\/\/japan-in-baden-wuerttemberg.de\/djg2018\/wp-json\/wp\/v2\/posts"}],"about":[{"href":"https:\/\/japan-in-baden-wuerttemberg.de\/djg2018\/wp-json\/wp\/v2\/types\/post"}],"author":[{"embeddable":true,"href":"https:\/\/japan-in-baden-wuerttemberg.de\/djg2018\/wp-json\/wp\/v2\/users\/1"}],"replies":[{"embeddable":true,"href":"https:\/\/japan-in-baden-wuerttemberg.de\/djg2018\/wp-json\/wp\/v2\/comments?post=6015"}],"version-history":[{"count":0,"href":"https:\/\/japan-in-baden-wuerttemberg.de\/djg2018\/wp-json\/wp\/v2\/posts\/6015\/revisions"}],"wp:featuredmedia":[{"embeddable":true,"href":"https:\/\/japan-in-baden-wuerttemberg.de\/djg2018\/wp-json\/wp\/v2\/media\/6759"}],"wp:attachment":[{"href":"https:\/\/japan-in-baden-wuerttemberg.de\/djg2018\/wp-json\/wp\/v2\/media?parent=6015"}],"wp:term":[{"taxonomy":"category","embeddable":true,"href":"https:\/\/japan-in-baden-wuerttemberg.de\/djg2018\/wp-json\/wp\/v2\/categories?post=6015"},{"taxonomy":"post_tag","embeddable":true,"href":"https:\/\/japan-in-baden-wuerttemberg.de\/djg2018\/wp-json\/wp\/v2\/tags?post=6015"}],"curies":[{"name":"wp","href":"https:\/\/api.w.org\/{rel}","templated":true}]}}