{"id":6001,"date":"2023-09-26T22:19:37","date_gmt":"2023-09-26T20:19:37","guid":{"rendered":"https:\/\/japan-in-baden-wuerttemberg.de\/djg2018\/?p=6001"},"modified":"2023-09-26T22:25:17","modified_gmt":"2023-09-26T20:25:17","slug":"bambusblaetter-september-2023","status":"publish","type":"post","link":"https:\/\/japan-in-baden-wuerttemberg.de\/djg2018\/bambusblaetter-september-2023\/","title":{"rendered":"Bambusbl\u00e4tter September 2023 \u7af9\u306e\u8449"},"content":{"rendered":"<p><strong>Liebe DJG BW-Mitglieder, liebe Japan-Interessierte,<\/strong><\/p>\n<p>Mitte September sind Hiroko Suzuki und Christian Zink zu einem achtmonatigen Aufenthalt nach Japan aufgebrochen. Diese Zeit m\u00f6chte das japanisch-deutsche Paar aus Stuttgart nutzen, um seine Reiset\u00e4tigkeiten nach M\u00f6glichkeit mit gemeinn\u00fctzigen Aktivit\u00e4ten zu verbinden und uns, den Daheimgebliebenen, von seinen Eindr\u00fccken und Erfahrungen zu berichten.<\/p>\n<p><strong>Wir freuen uns auf Ihre Reiseberichte unter dem Titel:<\/strong><\/p>\n<p><a href=\"https:\/\/japan-in-baden-wuerttemberg.de\/djg2018\/wp-content\/uploads\/2023\/09\/Bambusblaetter-September-2023.pdf\" target=\"_blank\" rel=\"noopener\"><span style=\"text-decoration: underline;\"><span style=\"color: #ff0000;\"><strong>Hiroko und Christian in Japan \u2013 Teil 1: Auf dem Weg nach Shiramine.<br \/>\n(DOWNLOAD \/ .PDF \/ ca. 4 MB)<\/strong><\/span><\/span><\/a><\/p>\n<p>Text und Inhalt samt Fotos stammen von Hiroko Suzuki und Christian Zink und geben deren subjektive Eindr\u00fccke wieder.<\/p>\n<p>Wir setzen mit dem ersten Teil der Reiseeindr\u00fccke \u201eAuf dem Weg nach Shiramine\u201c unsere BAMBUSL\u00c4TTER \u7af9\u306e\u8449 nach l\u00e4ngerer Pause fort und w\u00fcnschen Ihnen, liebe Leserinnen und Leser, eine interessante Lekt\u00fcre, m\u00f6ge sie Sie zum Nachdenken \u00fcber Japan und zum \u00dcberdenken Ihres Japanbildes anregen.<\/p>\n<p>Es gr\u00fc\u00dft Sie im Namen des Vorstands<\/p>\n<p><strong>Dr. Susanne Germann<br \/>\n<\/strong>Pr\u00e4sidentin der Deutsch-Japanischen Gesellschaft Baden-W\u00fcrttemberg e.V.<\/p>\n<p><em>im September 2023<\/em><\/p>\n","protected":false},"excerpt":{"rendered":"<p>Liebe DJG BW-Mitglieder, liebe Japan-Interessierte, Mitte September sind Hiroko Suzuki und Christian Zink zu einem achtmonatigen Aufenthalt nach Japan aufgebrochen. Diese Zeit m\u00f6chte das japanisch-deutsche Paar aus Stuttgart nutzen, um [&hellip;]<\/p>\n","protected":false},"author":1,"featured_media":664,"comment_status":"closed","ping_status":"closed","sticky":false,"template":"","format":"standard","meta":{"_et_pb_use_builder":"","_et_pb_old_content":"","_et_gb_content_width":"","footnotes":""},"categories":[6],"tags":[127],"class_list":["post-6001","post","type-post","status-publish","format-standard","has-post-thumbnail","hentry","category-bambus-blaetter","tag-bambusblaetter","et-has-post-format-content","et_post_format-et-post-format-standard"],"yoast_head":"<!-- This site is optimized with the Yoast SEO plugin v27.5 - https:\/\/yoast.com\/product\/yoast-seo-wordpress\/ -->\n<title>Bambusbl\u00e4tter September 2023 \u7af9\u306e\u8449 - DJG BW | Deutsch-Japanische Gesellschaft Baden-W\u00fcrttemberg e.V.<\/title>\n<meta name=\"robots\" content=\"index, follow, max-snippet:-1, max-image-preview:large, max-video-preview:-1\" \/>\n<link rel=\"canonical\" href=\"https:\/\/japan-in-baden-wuerttemberg.de\/djg2018\/bambusblaetter-september-2023\/\" \/>\n<meta property=\"og:locale\" content=\"de_DE\" \/>\n<meta property=\"og:type\" content=\"article\" \/>\n<meta property=\"og:title\" content=\"Bambusbl\u00e4tter September 2023 \u7af9\u306e\u8449 - DJG BW | Deutsch-Japanische Gesellschaft Baden-W\u00fcrttemberg e.V.\" \/>\n<meta property=\"og:description\" content=\"Liebe DJG BW-Mitglieder, liebe Japan-Interessierte, Mitte September sind Hiroko Suzuki und Christian Zink zu einem achtmonatigen Aufenthalt nach Japan aufgebrochen. Diese Zeit m\u00f6chte das japanisch-deutsche Paar aus Stuttgart nutzen, um [&hellip;]\" \/>\n<meta property=\"og:url\" content=\"https:\/\/japan-in-baden-wuerttemberg.de\/djg2018\/bambusblaetter-september-2023\/\" \/>\n<meta property=\"og:site_name\" content=\"DJG BW | Deutsch-Japanische Gesellschaft Baden-W\u00fcrttemberg e.V.\" \/>\n<meta property=\"article:published_time\" content=\"2023-09-26T20:19:37+00:00\" \/>\n<meta property=\"article:modified_time\" content=\"2023-09-26T20:25:17+00:00\" \/>\n<meta property=\"og:image\" content=\"https:\/\/japan-in-baden-wuerttemberg.de\/djg2018\/wp-content\/uploads\/2016\/03\/bambusblaetter.jpg\" \/>\n\t<meta property=\"og:image:width\" content=\"1075\" \/>\n\t<meta property=\"og:image:height\" content=\"371\" \/>\n\t<meta property=\"og:image:type\" content=\"image\/jpeg\" \/>\n<meta name=\"author\" content=\"Redaktion\" \/>\n<meta name=\"twitter:card\" content=\"summary_large_image\" \/>\n<meta name=\"twitter:label1\" content=\"Verfasst von\" \/>\n\t<meta name=\"twitter:data1\" content=\"Redaktion\" \/>\n\t<meta name=\"twitter:label2\" content=\"Gesch\u00e4tzte Lesezeit\" \/>\n\t<meta name=\"twitter:data2\" content=\"1\u00a0Minute\" \/>\n<script type=\"application\/ld+json\" class=\"yoast-schema-graph\">{\"@context\":\"https:\\\/\\\/schema.org\",\"@graph\":[{\"@type\":\"Article\",\"@id\":\"https:\\\/\\\/japan-in-baden-wuerttemberg.de\\\/djg2018\\\/bambusblaetter-september-2023\\\/#article\",\"isPartOf\":{\"@id\":\"https:\\\/\\\/japan-in-baden-wuerttemberg.de\\\/djg2018\\\/bambusblaetter-september-2023\\\/\"},\"author\":{\"name\":\"Redaktion\",\"@id\":\"https:\\\/\\\/japan-in-baden-wuerttemberg.de\\\/djg2018\\\/#\\\/schema\\\/person\\\/d5ba61c63aeb9f885125e6fae0a8b20c\"},\"headline\":\"Bambusbl\u00e4tter September 2023 \u7af9\u306e\u8449\",\"datePublished\":\"2023-09-26T20:19:37+00:00\",\"dateModified\":\"2023-09-26T20:25:17+00:00\",\"mainEntityOfPage\":{\"@id\":\"https:\\\/\\\/japan-in-baden-wuerttemberg.de\\\/djg2018\\\/bambusblaetter-september-2023\\\/\"},\"wordCount\":172,\"publisher\":{\"@id\":\"https:\\\/\\\/japan-in-baden-wuerttemberg.de\\\/djg2018\\\/#organization\"},\"image\":{\"@id\":\"https:\\\/\\\/japan-in-baden-wuerttemberg.de\\\/djg2018\\\/bambusblaetter-september-2023\\\/#primaryimage\"},\"thumbnailUrl\":\"https:\\\/\\\/japan-in-baden-wuerttemberg.de\\\/djg2018\\\/wp-content\\\/uploads\\\/2016\\\/03\\\/bambusblaetter.jpg\",\"keywords\":[\"bambusbl\u00e4tter\"],\"articleSection\":[\"Bambus-Bl\u00e4tter\"],\"inLanguage\":\"de\"},{\"@type\":\"WebPage\",\"@id\":\"https:\\\/\\\/japan-in-baden-wuerttemberg.de\\\/djg2018\\\/bambusblaetter-september-2023\\\/\",\"url\":\"https:\\\/\\\/japan-in-baden-wuerttemberg.de\\\/djg2018\\\/bambusblaetter-september-2023\\\/\",\"name\":\"Bambusbl\u00e4tter September 2023 \u7af9\u306e\u8449 - DJG BW | Deutsch-Japanische Gesellschaft Baden-W\u00fcrttemberg e.V.\",\"isPartOf\":{\"@id\":\"https:\\\/\\\/japan-in-baden-wuerttemberg.de\\\/djg2018\\\/#website\"},\"primaryImageOfPage\":{\"@id\":\"https:\\\/\\\/japan-in-baden-wuerttemberg.de\\\/djg2018\\\/bambusblaetter-september-2023\\\/#primaryimage\"},\"image\":{\"@id\":\"https:\\\/\\\/japan-in-baden-wuerttemberg.de\\\/djg2018\\\/bambusblaetter-september-2023\\\/#primaryimage\"},\"thumbnailUrl\":\"https:\\\/\\\/japan-in-baden-wuerttemberg.de\\\/djg2018\\\/wp-content\\\/uploads\\\/2016\\\/03\\\/bambusblaetter.jpg\",\"datePublished\":\"2023-09-26T20:19:37+00:00\",\"dateModified\":\"2023-09-26T20:25:17+00:00\",\"breadcrumb\":{\"@id\":\"https:\\\/\\\/japan-in-baden-wuerttemberg.de\\\/djg2018\\\/bambusblaetter-september-2023\\\/#breadcrumb\"},\"inLanguage\":\"de\",\"potentialAction\":[{\"@type\":\"ReadAction\",\"target\":[\"https:\\\/\\\/japan-in-baden-wuerttemberg.de\\\/djg2018\\\/bambusblaetter-september-2023\\\/\"]}]},{\"@type\":\"ImageObject\",\"inLanguage\":\"de\",\"@id\":\"https:\\\/\\\/japan-in-baden-wuerttemberg.de\\\/djg2018\\\/bambusblaetter-september-2023\\\/#primaryimage\",\"url\":\"https:\\\/\\\/japan-in-baden-wuerttemberg.de\\\/djg2018\\\/wp-content\\\/uploads\\\/2016\\\/03\\\/bambusblaetter.jpg\",\"contentUrl\":\"https:\\\/\\\/japan-in-baden-wuerttemberg.de\\\/djg2018\\\/wp-content\\\/uploads\\\/2016\\\/03\\\/bambusblaetter.jpg\",\"width\":1075,\"height\":371},{\"@type\":\"BreadcrumbList\",\"@id\":\"https:\\\/\\\/japan-in-baden-wuerttemberg.de\\\/djg2018\\\/bambusblaetter-september-2023\\\/#breadcrumb\",\"itemListElement\":[{\"@type\":\"ListItem\",\"position\":1,\"name\":\"Startseite\",\"item\":\"https:\\\/\\\/japan-in-baden-wuerttemberg.de\\\/djg2018\\\/\"},{\"@type\":\"ListItem\",\"position\":2,\"name\":\"Bambusbl\u00e4tter September 2023 \u7af9\u306e\u8449\"}]},{\"@type\":\"WebSite\",\"@id\":\"https:\\\/\\\/japan-in-baden-wuerttemberg.de\\\/djg2018\\\/#website\",\"url\":\"https:\\\/\\\/japan-in-baden-wuerttemberg.de\\\/djg2018\\\/\",\"name\":\"DJG BW | Deutsch-Japanische Gesellschaft Baden-W\u00fcrttemberg e.V.\",\"description\":\"\",\"publisher\":{\"@id\":\"https:\\\/\\\/japan-in-baden-wuerttemberg.de\\\/djg2018\\\/#organization\"},\"potentialAction\":[{\"@type\":\"SearchAction\",\"target\":{\"@type\":\"EntryPoint\",\"urlTemplate\":\"https:\\\/\\\/japan-in-baden-wuerttemberg.de\\\/djg2018\\\/?s={search_term_string}\"},\"query-input\":{\"@type\":\"PropertyValueSpecification\",\"valueRequired\":true,\"valueName\":\"search_term_string\"}}],\"inLanguage\":\"de\"},{\"@type\":\"Organization\",\"@id\":\"https:\\\/\\\/japan-in-baden-wuerttemberg.de\\\/djg2018\\\/#organization\",\"name\":\"Deutsch-Japanische Gesellschaft Baden-W\u00fcrttemberg e.V.\",\"url\":\"https:\\\/\\\/japan-in-baden-wuerttemberg.de\\\/djg2018\\\/\",\"logo\":{\"@type\":\"ImageObject\",\"inLanguage\":\"de\",\"@id\":\"https:\\\/\\\/japan-in-baden-wuerttemberg.de\\\/djg2018\\\/#\\\/schema\\\/logo\\\/image\\\/\",\"url\":\"https:\\\/\\\/japan-in-baden-wuerttemberg.de\\\/djg2018\\\/wp-content\\\/uploads\\\/2018\\\/12\\\/djg_bw_logo2.jpg\",\"contentUrl\":\"https:\\\/\\\/japan-in-baden-wuerttemberg.de\\\/djg2018\\\/wp-content\\\/uploads\\\/2018\\\/12\\\/djg_bw_logo2.jpg\",\"width\":708,\"height\":200,\"caption\":\"Deutsch-Japanische Gesellschaft Baden-W\u00fcrttemberg e.V.\"},\"image\":{\"@id\":\"https:\\\/\\\/japan-in-baden-wuerttemberg.de\\\/djg2018\\\/#\\\/schema\\\/logo\\\/image\\\/\"}},{\"@type\":\"Person\",\"@id\":\"https:\\\/\\\/japan-in-baden-wuerttemberg.de\\\/djg2018\\\/#\\\/schema\\\/person\\\/d5ba61c63aeb9f885125e6fae0a8b20c\",\"name\":\"Redaktion\",\"image\":{\"@type\":\"ImageObject\",\"inLanguage\":\"de\",\"@id\":\"https:\\\/\\\/japan-in-baden-wuerttemberg.de\\\/djg2018\\\/wp-content\\\/wphb-cache\\\/gravatar\\\/5cb\\\/5cb9854e344676cae1832d3b7566e6f1x96.jpg\",\"url\":\"https:\\\/\\\/japan-in-baden-wuerttemberg.de\\\/djg2018\\\/wp-content\\\/wphb-cache\\\/gravatar\\\/5cb\\\/5cb9854e344676cae1832d3b7566e6f1x96.jpg\",\"contentUrl\":\"https:\\\/\\\/japan-in-baden-wuerttemberg.de\\\/djg2018\\\/wp-content\\\/wphb-cache\\\/gravatar\\\/5cb\\\/5cb9854e344676cae1832d3b7566e6f1x96.jpg\",\"caption\":\"Redaktion\"},\"url\":\"https:\\\/\\\/japan-in-baden-wuerttemberg.de\\\/djg2018\\\/author\\\/david\\\/\"}]}<\/script>\n<!-- \/ Yoast SEO plugin. -->","yoast_head_json":{"title":"Bambusbl\u00e4tter September 2023 \u7af9\u306e\u8449 - DJG BW | Deutsch-Japanische Gesellschaft Baden-W\u00fcrttemberg e.V.","robots":{"index":"index","follow":"follow","max-snippet":"max-snippet:-1","max-image-preview":"max-image-preview:large","max-video-preview":"max-video-preview:-1"},"canonical":"https:\/\/japan-in-baden-wuerttemberg.de\/djg2018\/bambusblaetter-september-2023\/","og_locale":"de_DE","og_type":"article","og_title":"Bambusbl\u00e4tter September 2023 \u7af9\u306e\u8449 - DJG BW | Deutsch-Japanische Gesellschaft Baden-W\u00fcrttemberg e.V.","og_description":"Liebe DJG BW-Mitglieder, liebe Japan-Interessierte, Mitte September sind Hiroko Suzuki und Christian Zink zu einem achtmonatigen Aufenthalt nach Japan aufgebrochen. Diese Zeit m\u00f6chte das japanisch-deutsche Paar aus Stuttgart nutzen, um [&hellip;]","og_url":"https:\/\/japan-in-baden-wuerttemberg.de\/djg2018\/bambusblaetter-september-2023\/","og_site_name":"DJG BW | Deutsch-Japanische Gesellschaft Baden-W\u00fcrttemberg e.V.","article_published_time":"2023-09-26T20:19:37+00:00","article_modified_time":"2023-09-26T20:25:17+00:00","og_image":[{"width":1075,"height":371,"url":"https:\/\/japan-in-baden-wuerttemberg.de\/djg2018\/wp-content\/uploads\/2016\/03\/bambusblaetter.jpg","type":"image\/jpeg"}],"author":"Redaktion","twitter_card":"summary_large_image","twitter_misc":{"Verfasst von":"Redaktion","Gesch\u00e4tzte Lesezeit":"1\u00a0Minute"},"schema":{"@context":"https:\/\/schema.org","@graph":[{"@type":"Article","@id":"https:\/\/japan-in-baden-wuerttemberg.de\/djg2018\/bambusblaetter-september-2023\/#article","isPartOf":{"@id":"https:\/\/japan-in-baden-wuerttemberg.de\/djg2018\/bambusblaetter-september-2023\/"},"author":{"name":"Redaktion","@id":"https:\/\/japan-in-baden-wuerttemberg.de\/djg2018\/#\/schema\/person\/d5ba61c63aeb9f885125e6fae0a8b20c"},"headline":"Bambusbl\u00e4tter September 2023 \u7af9\u306e\u8449","datePublished":"2023-09-26T20:19:37+00:00","dateModified":"2023-09-26T20:25:17+00:00","mainEntityOfPage":{"@id":"https:\/\/japan-in-baden-wuerttemberg.de\/djg2018\/bambusblaetter-september-2023\/"},"wordCount":172,"publisher":{"@id":"https:\/\/japan-in-baden-wuerttemberg.de\/djg2018\/#organization"},"image":{"@id":"https:\/\/japan-in-baden-wuerttemberg.de\/djg2018\/bambusblaetter-september-2023\/#primaryimage"},"thumbnailUrl":"https:\/\/japan-in-baden-wuerttemberg.de\/djg2018\/wp-content\/uploads\/2016\/03\/bambusblaetter.jpg","keywords":["bambusbl\u00e4tter"],"articleSection":["Bambus-Bl\u00e4tter"],"inLanguage":"de"},{"@type":"WebPage","@id":"https:\/\/japan-in-baden-wuerttemberg.de\/djg2018\/bambusblaetter-september-2023\/","url":"https:\/\/japan-in-baden-wuerttemberg.de\/djg2018\/bambusblaetter-september-2023\/","name":"Bambusbl\u00e4tter September 2023 \u7af9\u306e\u8449 - DJG BW | Deutsch-Japanische Gesellschaft Baden-W\u00fcrttemberg e.V.","isPartOf":{"@id":"https:\/\/japan-in-baden-wuerttemberg.de\/djg2018\/#website"},"primaryImageOfPage":{"@id":"https:\/\/japan-in-baden-wuerttemberg.de\/djg2018\/bambusblaetter-september-2023\/#primaryimage"},"image":{"@id":"https:\/\/japan-in-baden-wuerttemberg.de\/djg2018\/bambusblaetter-september-2023\/#primaryimage"},"thumbnailUrl":"https:\/\/japan-in-baden-wuerttemberg.de\/djg2018\/wp-content\/uploads\/2016\/03\/bambusblaetter.jpg","datePublished":"2023-09-26T20:19:37+00:00","dateModified":"2023-09-26T20:25:17+00:00","breadcrumb":{"@id":"https:\/\/japan-in-baden-wuerttemberg.de\/djg2018\/bambusblaetter-september-2023\/#breadcrumb"},"inLanguage":"de","potentialAction":[{"@type":"ReadAction","target":["https:\/\/japan-in-baden-wuerttemberg.de\/djg2018\/bambusblaetter-september-2023\/"]}]},{"@type":"ImageObject","inLanguage":"de","@id":"https:\/\/japan-in-baden-wuerttemberg.de\/djg2018\/bambusblaetter-september-2023\/#primaryimage","url":"https:\/\/japan-in-baden-wuerttemberg.de\/djg2018\/wp-content\/uploads\/2016\/03\/bambusblaetter.jpg","contentUrl":"https:\/\/japan-in-baden-wuerttemberg.de\/djg2018\/wp-content\/uploads\/2016\/03\/bambusblaetter.jpg","width":1075,"height":371},{"@type":"BreadcrumbList","@id":"https:\/\/japan-in-baden-wuerttemberg.de\/djg2018\/bambusblaetter-september-2023\/#breadcrumb","itemListElement":[{"@type":"ListItem","position":1,"name":"Startseite","item":"https:\/\/japan-in-baden-wuerttemberg.de\/djg2018\/"},{"@type":"ListItem","position":2,"name":"Bambusbl\u00e4tter September 2023 \u7af9\u306e\u8449"}]},{"@type":"WebSite","@id":"https:\/\/japan-in-baden-wuerttemberg.de\/djg2018\/#website","url":"https:\/\/japan-in-baden-wuerttemberg.de\/djg2018\/","name":"DJG BW | Deutsch-Japanische Gesellschaft Baden-W\u00fcrttemberg e.V.","description":"","publisher":{"@id":"https:\/\/japan-in-baden-wuerttemberg.de\/djg2018\/#organization"},"potentialAction":[{"@type":"SearchAction","target":{"@type":"EntryPoint","urlTemplate":"https:\/\/japan-in-baden-wuerttemberg.de\/djg2018\/?s={search_term_string}"},"query-input":{"@type":"PropertyValueSpecification","valueRequired":true,"valueName":"search_term_string"}}],"inLanguage":"de"},{"@type":"Organization","@id":"https:\/\/japan-in-baden-wuerttemberg.de\/djg2018\/#organization","name":"Deutsch-Japanische Gesellschaft Baden-W\u00fcrttemberg e.V.","url":"https:\/\/japan-in-baden-wuerttemberg.de\/djg2018\/","logo":{"@type":"ImageObject","inLanguage":"de","@id":"https:\/\/japan-in-baden-wuerttemberg.de\/djg2018\/#\/schema\/logo\/image\/","url":"https:\/\/japan-in-baden-wuerttemberg.de\/djg2018\/wp-content\/uploads\/2018\/12\/djg_bw_logo2.jpg","contentUrl":"https:\/\/japan-in-baden-wuerttemberg.de\/djg2018\/wp-content\/uploads\/2018\/12\/djg_bw_logo2.jpg","width":708,"height":200,"caption":"Deutsch-Japanische Gesellschaft Baden-W\u00fcrttemberg e.V."},"image":{"@id":"https:\/\/japan-in-baden-wuerttemberg.de\/djg2018\/#\/schema\/logo\/image\/"}},{"@type":"Person","@id":"https:\/\/japan-in-baden-wuerttemberg.de\/djg2018\/#\/schema\/person\/d5ba61c63aeb9f885125e6fae0a8b20c","name":"Redaktion","image":{"@type":"ImageObject","inLanguage":"de","@id":"https:\/\/japan-in-baden-wuerttemberg.de\/djg2018\/wp-content\/wphb-cache\/gravatar\/5cb\/5cb9854e344676cae1832d3b7566e6f1x96.jpg","url":"https:\/\/japan-in-baden-wuerttemberg.de\/djg2018\/wp-content\/wphb-cache\/gravatar\/5cb\/5cb9854e344676cae1832d3b7566e6f1x96.jpg","contentUrl":"https:\/\/japan-in-baden-wuerttemberg.de\/djg2018\/wp-content\/wphb-cache\/gravatar\/5cb\/5cb9854e344676cae1832d3b7566e6f1x96.jpg","caption":"Redaktion"},"url":"https:\/\/japan-in-baden-wuerttemberg.de\/djg2018\/author\/david\/"}]}},"_links":{"self":[{"href":"https:\/\/japan-in-baden-wuerttemberg.de\/djg2018\/wp-json\/wp\/v2\/posts\/6001","targetHints":{"allow":["GET"]}}],"collection":[{"href":"https:\/\/japan-in-baden-wuerttemberg.de\/djg2018\/wp-json\/wp\/v2\/posts"}],"about":[{"href":"https:\/\/japan-in-baden-wuerttemberg.de\/djg2018\/wp-json\/wp\/v2\/types\/post"}],"author":[{"embeddable":true,"href":"https:\/\/japan-in-baden-wuerttemberg.de\/djg2018\/wp-json\/wp\/v2\/users\/1"}],"replies":[{"embeddable":true,"href":"https:\/\/japan-in-baden-wuerttemberg.de\/djg2018\/wp-json\/wp\/v2\/comments?post=6001"}],"version-history":[{"count":0,"href":"https:\/\/japan-in-baden-wuerttemberg.de\/djg2018\/wp-json\/wp\/v2\/posts\/6001\/revisions"}],"wp:featuredmedia":[{"embeddable":true,"href":"https:\/\/japan-in-baden-wuerttemberg.de\/djg2018\/wp-json\/wp\/v2\/media\/664"}],"wp:attachment":[{"href":"https:\/\/japan-in-baden-wuerttemberg.de\/djg2018\/wp-json\/wp\/v2\/media?parent=6001"}],"wp:term":[{"taxonomy":"category","embeddable":true,"href":"https:\/\/japan-in-baden-wuerttemberg.de\/djg2018\/wp-json\/wp\/v2\/categories?post=6001"},{"taxonomy":"post_tag","embeddable":true,"href":"https:\/\/japan-in-baden-wuerttemberg.de\/djg2018\/wp-json\/wp\/v2\/tags?post=6001"}],"curies":[{"name":"wp","href":"https:\/\/api.w.org\/{rel}","templated":true}]}}