{"id":445,"date":"2018-12-16T00:54:37","date_gmt":"2018-12-15T23:54:37","guid":{"rendered":"http:\/\/japan-in-baden-wuerttemberg.de\/djg2018\/?p=445"},"modified":"2019-02-28T20:42:46","modified_gmt":"2019-02-28T19:42:46","slug":"vortrag-tokyo-2020","status":"publish","type":"post","link":"https:\/\/japan-in-baden-wuerttemberg.de\/djg2018\/vortrag-tokyo-2020\/","title":{"rendered":"Vortrag Tokyo 2020"},"content":{"rendered":"<p>Sehr geehrte Damen und Herren,<\/p>\n<p>zum Jahres &#8211; Abschluss wenden wir uns der japanischen Architektur zu soweit sich diese im Ausbau f\u00fcr die Olympischen Spiele in Jahre 2020 darstellt.<\/p>\n<p><strong>Neubauten f\u00fcr Tokyo 2010<\/strong><\/p>\n<p>Vom 24.Juli bis 9.August finden in Tokyo die Olympischen Sommerspiele statt, Anlass f\u00fcr eine st\u00e4dtebauliche Neudefinition der japanischen Hauptstadt und dem Bau neuer Sportst\u00e4tten. Die meisten sportlichen Wettbewerbe sollen innerhalb von acht Kilometern um das olympische Dorf ausgetragen werden. Innerhalb dieses Bereiches verteilen sich die Sportst\u00e4tten auf die \u201eHeritage Zone\u201c im Norden sowie die \u201eTokyo Bay Zone\u201c im S\u00fcden. Der Vortrag gibt einen \u00dcberblick \u00fcber die verschiedenen Projekte und wird besonders auf das von *\/Kuma Kengo\/*\/\/entworfene \u201eNeue Nationalstadion\u201c eingehen. Dar\u00fcber hinaus werden die Folgen der st\u00e4dtebaulichen Ver\u00e4nderungen beleuchtet und ein Vergleich zu 1964 gezogen.<\/p>\n<p>Der Referent Dipl.-Ing. *Ulf Meyer* aus Berlin ist ausgewiesener Kenner der japanischen Architektur- und Stadtentwicklung.<\/p>\n<p>Bildvortrag am Freitag, den 7.Dezember 2018, 19 Uhr<\/p>\n<p>B\u00fcrgerzentrum Stuttgart West, Bebelstrasse 22<br \/>\nDer Eintritt ist frei, Spenden werden erbeten.<\/p>\n<p>Mit freundlichen Gr\u00fc\u00dfen<br \/>\nW. Grosse<\/p>\n","protected":false},"excerpt":{"rendered":"<p>Sehr geehrte Damen und Herren, zum Jahres &#8211; Abschluss wenden wir uns der japanischen Architektur zu soweit sich diese im Ausbau f\u00fcr die Olympischen Spiele in Jahre 2020 darstellt. Neubauten [&hellip;]<\/p>\n","protected":false},"author":1,"featured_media":446,"comment_status":"open","ping_status":"open","sticky":false,"template":"","format":"standard","meta":{"_et_pb_use_builder":"","_et_pb_old_content":"","_et_gb_content_width":"","footnotes":""},"categories":[9],"tags":[],"class_list":["post-445","post","type-post","status-publish","format-standard","has-post-thumbnail","hentry","category-veranstaltungs-berichte","et-has-post-format-content","et_post_format-et-post-format-standard"],"yoast_head":"<!-- This site is optimized with the Yoast SEO plugin v27.5 - https:\/\/yoast.com\/product\/yoast-seo-wordpress\/ -->\n<title>Vortrag Tokyo 2020 - DJG BW | Deutsch-Japanische Gesellschaft Baden-W\u00fcrttemberg e.V.<\/title>\n<meta name=\"robots\" content=\"index, follow, max-snippet:-1, max-image-preview:large, max-video-preview:-1\" \/>\n<link rel=\"canonical\" href=\"https:\/\/japan-in-baden-wuerttemberg.de\/djg2018\/vortrag-tokyo-2020\/\" \/>\n<meta property=\"og:locale\" content=\"de_DE\" \/>\n<meta property=\"og:type\" content=\"article\" \/>\n<meta property=\"og:title\" content=\"Vortrag Tokyo 2020 - DJG BW | Deutsch-Japanische Gesellschaft Baden-W\u00fcrttemberg e.V.\" \/>\n<meta property=\"og:description\" content=\"Sehr geehrte Damen und Herren, zum Jahres &#8211; Abschluss wenden wir uns der japanischen Architektur zu soweit sich diese im Ausbau f\u00fcr die Olympischen Spiele in Jahre 2020 darstellt. Neubauten [&hellip;]\" \/>\n<meta property=\"og:url\" content=\"https:\/\/japan-in-baden-wuerttemberg.de\/djg2018\/vortrag-tokyo-2020\/\" \/>\n<meta property=\"og:site_name\" content=\"DJG BW | Deutsch-Japanische Gesellschaft Baden-W\u00fcrttemberg e.V.\" \/>\n<meta property=\"article:published_time\" content=\"2018-12-15T23:54:37+00:00\" \/>\n<meta property=\"article:modified_time\" content=\"2019-02-28T19:42:46+00:00\" \/>\n<meta property=\"og:image\" content=\"https:\/\/japan-in-baden-wuerttemberg.de\/djg2018\/wp-content\/uploads\/2018\/12\/20181126-183333-1-1.jpg\" \/>\n\t<meta property=\"og:image:width\" content=\"1123\" \/>\n\t<meta property=\"og:image:height\" content=\"792\" \/>\n\t<meta property=\"og:image:type\" content=\"image\/jpeg\" \/>\n<meta name=\"author\" content=\"Redaktion\" \/>\n<meta name=\"twitter:card\" content=\"summary_large_image\" \/>\n<meta name=\"twitter:label1\" content=\"Verfasst von\" \/>\n\t<meta name=\"twitter:data1\" content=\"Redaktion\" \/>\n\t<meta name=\"twitter:label2\" content=\"Gesch\u00e4tzte Lesezeit\" \/>\n\t<meta name=\"twitter:data2\" content=\"1\u00a0Minute\" \/>\n<script type=\"application\/ld+json\" class=\"yoast-schema-graph\">{\"@context\":\"https:\\\/\\\/schema.org\",\"@graph\":[{\"@type\":\"Article\",\"@id\":\"https:\\\/\\\/japan-in-baden-wuerttemberg.de\\\/djg2018\\\/vortrag-tokyo-2020\\\/#article\",\"isPartOf\":{\"@id\":\"https:\\\/\\\/japan-in-baden-wuerttemberg.de\\\/djg2018\\\/vortrag-tokyo-2020\\\/\"},\"author\":{\"name\":\"Redaktion\",\"@id\":\"https:\\\/\\\/japan-in-baden-wuerttemberg.de\\\/djg2018\\\/#\\\/schema\\\/person\\\/d5ba61c63aeb9f885125e6fae0a8b20c\"},\"headline\":\"Vortrag Tokyo 2020\",\"datePublished\":\"2018-12-15T23:54:37+00:00\",\"dateModified\":\"2019-02-28T19:42:46+00:00\",\"mainEntityOfPage\":{\"@id\":\"https:\\\/\\\/japan-in-baden-wuerttemberg.de\\\/djg2018\\\/vortrag-tokyo-2020\\\/\"},\"wordCount\":177,\"commentCount\":0,\"publisher\":{\"@id\":\"https:\\\/\\\/japan-in-baden-wuerttemberg.de\\\/djg2018\\\/#organization\"},\"image\":{\"@id\":\"https:\\\/\\\/japan-in-baden-wuerttemberg.de\\\/djg2018\\\/vortrag-tokyo-2020\\\/#primaryimage\"},\"thumbnailUrl\":\"https:\\\/\\\/japan-in-baden-wuerttemberg.de\\\/djg2018\\\/wp-content\\\/uploads\\\/2018\\\/12\\\/20181126-183333-1-1.jpg\",\"articleSection\":[\"Veranstaltungs-Berichte\"],\"inLanguage\":\"de\"},{\"@type\":\"WebPage\",\"@id\":\"https:\\\/\\\/japan-in-baden-wuerttemberg.de\\\/djg2018\\\/vortrag-tokyo-2020\\\/\",\"url\":\"https:\\\/\\\/japan-in-baden-wuerttemberg.de\\\/djg2018\\\/vortrag-tokyo-2020\\\/\",\"name\":\"Vortrag Tokyo 2020 - DJG BW | Deutsch-Japanische Gesellschaft Baden-W\u00fcrttemberg e.V.\",\"isPartOf\":{\"@id\":\"https:\\\/\\\/japan-in-baden-wuerttemberg.de\\\/djg2018\\\/#website\"},\"primaryImageOfPage\":{\"@id\":\"https:\\\/\\\/japan-in-baden-wuerttemberg.de\\\/djg2018\\\/vortrag-tokyo-2020\\\/#primaryimage\"},\"image\":{\"@id\":\"https:\\\/\\\/japan-in-baden-wuerttemberg.de\\\/djg2018\\\/vortrag-tokyo-2020\\\/#primaryimage\"},\"thumbnailUrl\":\"https:\\\/\\\/japan-in-baden-wuerttemberg.de\\\/djg2018\\\/wp-content\\\/uploads\\\/2018\\\/12\\\/20181126-183333-1-1.jpg\",\"datePublished\":\"2018-12-15T23:54:37+00:00\",\"dateModified\":\"2019-02-28T19:42:46+00:00\",\"breadcrumb\":{\"@id\":\"https:\\\/\\\/japan-in-baden-wuerttemberg.de\\\/djg2018\\\/vortrag-tokyo-2020\\\/#breadcrumb\"},\"inLanguage\":\"de\",\"potentialAction\":[{\"@type\":\"ReadAction\",\"target\":[\"https:\\\/\\\/japan-in-baden-wuerttemberg.de\\\/djg2018\\\/vortrag-tokyo-2020\\\/\"]}]},{\"@type\":\"ImageObject\",\"inLanguage\":\"de\",\"@id\":\"https:\\\/\\\/japan-in-baden-wuerttemberg.de\\\/djg2018\\\/vortrag-tokyo-2020\\\/#primaryimage\",\"url\":\"https:\\\/\\\/japan-in-baden-wuerttemberg.de\\\/djg2018\\\/wp-content\\\/uploads\\\/2018\\\/12\\\/20181126-183333-1-1.jpg\",\"contentUrl\":\"https:\\\/\\\/japan-in-baden-wuerttemberg.de\\\/djg2018\\\/wp-content\\\/uploads\\\/2018\\\/12\\\/20181126-183333-1-1.jpg\",\"width\":1123,\"height\":792},{\"@type\":\"BreadcrumbList\",\"@id\":\"https:\\\/\\\/japan-in-baden-wuerttemberg.de\\\/djg2018\\\/vortrag-tokyo-2020\\\/#breadcrumb\",\"itemListElement\":[{\"@type\":\"ListItem\",\"position\":1,\"name\":\"Startseite\",\"item\":\"https:\\\/\\\/japan-in-baden-wuerttemberg.de\\\/djg2018\\\/\"},{\"@type\":\"ListItem\",\"position\":2,\"name\":\"Vortrag Tokyo 2020\"}]},{\"@type\":\"WebSite\",\"@id\":\"https:\\\/\\\/japan-in-baden-wuerttemberg.de\\\/djg2018\\\/#website\",\"url\":\"https:\\\/\\\/japan-in-baden-wuerttemberg.de\\\/djg2018\\\/\",\"name\":\"DJG BW | Deutsch-Japanische Gesellschaft Baden-W\u00fcrttemberg e.V.\",\"description\":\"\",\"publisher\":{\"@id\":\"https:\\\/\\\/japan-in-baden-wuerttemberg.de\\\/djg2018\\\/#organization\"},\"potentialAction\":[{\"@type\":\"SearchAction\",\"target\":{\"@type\":\"EntryPoint\",\"urlTemplate\":\"https:\\\/\\\/japan-in-baden-wuerttemberg.de\\\/djg2018\\\/?s={search_term_string}\"},\"query-input\":{\"@type\":\"PropertyValueSpecification\",\"valueRequired\":true,\"valueName\":\"search_term_string\"}}],\"inLanguage\":\"de\"},{\"@type\":\"Organization\",\"@id\":\"https:\\\/\\\/japan-in-baden-wuerttemberg.de\\\/djg2018\\\/#organization\",\"name\":\"Deutsch-Japanische Gesellschaft Baden-W\u00fcrttemberg e.V.\",\"url\":\"https:\\\/\\\/japan-in-baden-wuerttemberg.de\\\/djg2018\\\/\",\"logo\":{\"@type\":\"ImageObject\",\"inLanguage\":\"de\",\"@id\":\"https:\\\/\\\/japan-in-baden-wuerttemberg.de\\\/djg2018\\\/#\\\/schema\\\/logo\\\/image\\\/\",\"url\":\"https:\\\/\\\/japan-in-baden-wuerttemberg.de\\\/djg2018\\\/wp-content\\\/uploads\\\/2018\\\/12\\\/djg_bw_logo2.jpg\",\"contentUrl\":\"https:\\\/\\\/japan-in-baden-wuerttemberg.de\\\/djg2018\\\/wp-content\\\/uploads\\\/2018\\\/12\\\/djg_bw_logo2.jpg\",\"width\":708,\"height\":200,\"caption\":\"Deutsch-Japanische Gesellschaft Baden-W\u00fcrttemberg e.V.\"},\"image\":{\"@id\":\"https:\\\/\\\/japan-in-baden-wuerttemberg.de\\\/djg2018\\\/#\\\/schema\\\/logo\\\/image\\\/\"}},{\"@type\":\"Person\",\"@id\":\"https:\\\/\\\/japan-in-baden-wuerttemberg.de\\\/djg2018\\\/#\\\/schema\\\/person\\\/d5ba61c63aeb9f885125e6fae0a8b20c\",\"name\":\"Redaktion\",\"image\":{\"@type\":\"ImageObject\",\"inLanguage\":\"de\",\"@id\":\"https:\\\/\\\/japan-in-baden-wuerttemberg.de\\\/djg2018\\\/wp-content\\\/wphb-cache\\\/gravatar\\\/5cb\\\/5cb9854e344676cae1832d3b7566e6f1x96.jpg\",\"url\":\"https:\\\/\\\/japan-in-baden-wuerttemberg.de\\\/djg2018\\\/wp-content\\\/wphb-cache\\\/gravatar\\\/5cb\\\/5cb9854e344676cae1832d3b7566e6f1x96.jpg\",\"contentUrl\":\"https:\\\/\\\/japan-in-baden-wuerttemberg.de\\\/djg2018\\\/wp-content\\\/wphb-cache\\\/gravatar\\\/5cb\\\/5cb9854e344676cae1832d3b7566e6f1x96.jpg\",\"caption\":\"Redaktion\"},\"url\":\"https:\\\/\\\/japan-in-baden-wuerttemberg.de\\\/djg2018\\\/author\\\/david\\\/\"}]}<\/script>\n<!-- \/ Yoast SEO plugin. -->","yoast_head_json":{"title":"Vortrag Tokyo 2020 - DJG BW | Deutsch-Japanische Gesellschaft Baden-W\u00fcrttemberg e.V.","robots":{"index":"index","follow":"follow","max-snippet":"max-snippet:-1","max-image-preview":"max-image-preview:large","max-video-preview":"max-video-preview:-1"},"canonical":"https:\/\/japan-in-baden-wuerttemberg.de\/djg2018\/vortrag-tokyo-2020\/","og_locale":"de_DE","og_type":"article","og_title":"Vortrag Tokyo 2020 - DJG BW | Deutsch-Japanische Gesellschaft Baden-W\u00fcrttemberg e.V.","og_description":"Sehr geehrte Damen und Herren, zum Jahres &#8211; Abschluss wenden wir uns der japanischen Architektur zu soweit sich diese im Ausbau f\u00fcr die Olympischen Spiele in Jahre 2020 darstellt. Neubauten [&hellip;]","og_url":"https:\/\/japan-in-baden-wuerttemberg.de\/djg2018\/vortrag-tokyo-2020\/","og_site_name":"DJG BW | Deutsch-Japanische Gesellschaft Baden-W\u00fcrttemberg e.V.","article_published_time":"2018-12-15T23:54:37+00:00","article_modified_time":"2019-02-28T19:42:46+00:00","og_image":[{"width":1123,"height":792,"url":"https:\/\/japan-in-baden-wuerttemberg.de\/djg2018\/wp-content\/uploads\/2018\/12\/20181126-183333-1-1.jpg","type":"image\/jpeg"}],"author":"Redaktion","twitter_card":"summary_large_image","twitter_misc":{"Verfasst von":"Redaktion","Gesch\u00e4tzte Lesezeit":"1\u00a0Minute"},"schema":{"@context":"https:\/\/schema.org","@graph":[{"@type":"Article","@id":"https:\/\/japan-in-baden-wuerttemberg.de\/djg2018\/vortrag-tokyo-2020\/#article","isPartOf":{"@id":"https:\/\/japan-in-baden-wuerttemberg.de\/djg2018\/vortrag-tokyo-2020\/"},"author":{"name":"Redaktion","@id":"https:\/\/japan-in-baden-wuerttemberg.de\/djg2018\/#\/schema\/person\/d5ba61c63aeb9f885125e6fae0a8b20c"},"headline":"Vortrag Tokyo 2020","datePublished":"2018-12-15T23:54:37+00:00","dateModified":"2019-02-28T19:42:46+00:00","mainEntityOfPage":{"@id":"https:\/\/japan-in-baden-wuerttemberg.de\/djg2018\/vortrag-tokyo-2020\/"},"wordCount":177,"commentCount":0,"publisher":{"@id":"https:\/\/japan-in-baden-wuerttemberg.de\/djg2018\/#organization"},"image":{"@id":"https:\/\/japan-in-baden-wuerttemberg.de\/djg2018\/vortrag-tokyo-2020\/#primaryimage"},"thumbnailUrl":"https:\/\/japan-in-baden-wuerttemberg.de\/djg2018\/wp-content\/uploads\/2018\/12\/20181126-183333-1-1.jpg","articleSection":["Veranstaltungs-Berichte"],"inLanguage":"de"},{"@type":"WebPage","@id":"https:\/\/japan-in-baden-wuerttemberg.de\/djg2018\/vortrag-tokyo-2020\/","url":"https:\/\/japan-in-baden-wuerttemberg.de\/djg2018\/vortrag-tokyo-2020\/","name":"Vortrag Tokyo 2020 - DJG BW | Deutsch-Japanische Gesellschaft Baden-W\u00fcrttemberg e.V.","isPartOf":{"@id":"https:\/\/japan-in-baden-wuerttemberg.de\/djg2018\/#website"},"primaryImageOfPage":{"@id":"https:\/\/japan-in-baden-wuerttemberg.de\/djg2018\/vortrag-tokyo-2020\/#primaryimage"},"image":{"@id":"https:\/\/japan-in-baden-wuerttemberg.de\/djg2018\/vortrag-tokyo-2020\/#primaryimage"},"thumbnailUrl":"https:\/\/japan-in-baden-wuerttemberg.de\/djg2018\/wp-content\/uploads\/2018\/12\/20181126-183333-1-1.jpg","datePublished":"2018-12-15T23:54:37+00:00","dateModified":"2019-02-28T19:42:46+00:00","breadcrumb":{"@id":"https:\/\/japan-in-baden-wuerttemberg.de\/djg2018\/vortrag-tokyo-2020\/#breadcrumb"},"inLanguage":"de","potentialAction":[{"@type":"ReadAction","target":["https:\/\/japan-in-baden-wuerttemberg.de\/djg2018\/vortrag-tokyo-2020\/"]}]},{"@type":"ImageObject","inLanguage":"de","@id":"https:\/\/japan-in-baden-wuerttemberg.de\/djg2018\/vortrag-tokyo-2020\/#primaryimage","url":"https:\/\/japan-in-baden-wuerttemberg.de\/djg2018\/wp-content\/uploads\/2018\/12\/20181126-183333-1-1.jpg","contentUrl":"https:\/\/japan-in-baden-wuerttemberg.de\/djg2018\/wp-content\/uploads\/2018\/12\/20181126-183333-1-1.jpg","width":1123,"height":792},{"@type":"BreadcrumbList","@id":"https:\/\/japan-in-baden-wuerttemberg.de\/djg2018\/vortrag-tokyo-2020\/#breadcrumb","itemListElement":[{"@type":"ListItem","position":1,"name":"Startseite","item":"https:\/\/japan-in-baden-wuerttemberg.de\/djg2018\/"},{"@type":"ListItem","position":2,"name":"Vortrag Tokyo 2020"}]},{"@type":"WebSite","@id":"https:\/\/japan-in-baden-wuerttemberg.de\/djg2018\/#website","url":"https:\/\/japan-in-baden-wuerttemberg.de\/djg2018\/","name":"DJG BW | Deutsch-Japanische Gesellschaft Baden-W\u00fcrttemberg e.V.","description":"","publisher":{"@id":"https:\/\/japan-in-baden-wuerttemberg.de\/djg2018\/#organization"},"potentialAction":[{"@type":"SearchAction","target":{"@type":"EntryPoint","urlTemplate":"https:\/\/japan-in-baden-wuerttemberg.de\/djg2018\/?s={search_term_string}"},"query-input":{"@type":"PropertyValueSpecification","valueRequired":true,"valueName":"search_term_string"}}],"inLanguage":"de"},{"@type":"Organization","@id":"https:\/\/japan-in-baden-wuerttemberg.de\/djg2018\/#organization","name":"Deutsch-Japanische Gesellschaft Baden-W\u00fcrttemberg e.V.","url":"https:\/\/japan-in-baden-wuerttemberg.de\/djg2018\/","logo":{"@type":"ImageObject","inLanguage":"de","@id":"https:\/\/japan-in-baden-wuerttemberg.de\/djg2018\/#\/schema\/logo\/image\/","url":"https:\/\/japan-in-baden-wuerttemberg.de\/djg2018\/wp-content\/uploads\/2018\/12\/djg_bw_logo2.jpg","contentUrl":"https:\/\/japan-in-baden-wuerttemberg.de\/djg2018\/wp-content\/uploads\/2018\/12\/djg_bw_logo2.jpg","width":708,"height":200,"caption":"Deutsch-Japanische Gesellschaft Baden-W\u00fcrttemberg e.V."},"image":{"@id":"https:\/\/japan-in-baden-wuerttemberg.de\/djg2018\/#\/schema\/logo\/image\/"}},{"@type":"Person","@id":"https:\/\/japan-in-baden-wuerttemberg.de\/djg2018\/#\/schema\/person\/d5ba61c63aeb9f885125e6fae0a8b20c","name":"Redaktion","image":{"@type":"ImageObject","inLanguage":"de","@id":"https:\/\/japan-in-baden-wuerttemberg.de\/djg2018\/wp-content\/wphb-cache\/gravatar\/5cb\/5cb9854e344676cae1832d3b7566e6f1x96.jpg","url":"https:\/\/japan-in-baden-wuerttemberg.de\/djg2018\/wp-content\/wphb-cache\/gravatar\/5cb\/5cb9854e344676cae1832d3b7566e6f1x96.jpg","contentUrl":"https:\/\/japan-in-baden-wuerttemberg.de\/djg2018\/wp-content\/wphb-cache\/gravatar\/5cb\/5cb9854e344676cae1832d3b7566e6f1x96.jpg","caption":"Redaktion"},"url":"https:\/\/japan-in-baden-wuerttemberg.de\/djg2018\/author\/david\/"}]}},"_links":{"self":[{"href":"https:\/\/japan-in-baden-wuerttemberg.de\/djg2018\/wp-json\/wp\/v2\/posts\/445","targetHints":{"allow":["GET"]}}],"collection":[{"href":"https:\/\/japan-in-baden-wuerttemberg.de\/djg2018\/wp-json\/wp\/v2\/posts"}],"about":[{"href":"https:\/\/japan-in-baden-wuerttemberg.de\/djg2018\/wp-json\/wp\/v2\/types\/post"}],"author":[{"embeddable":true,"href":"https:\/\/japan-in-baden-wuerttemberg.de\/djg2018\/wp-json\/wp\/v2\/users\/1"}],"replies":[{"embeddable":true,"href":"https:\/\/japan-in-baden-wuerttemberg.de\/djg2018\/wp-json\/wp\/v2\/comments?post=445"}],"version-history":[{"count":0,"href":"https:\/\/japan-in-baden-wuerttemberg.de\/djg2018\/wp-json\/wp\/v2\/posts\/445\/revisions"}],"wp:featuredmedia":[{"embeddable":true,"href":"https:\/\/japan-in-baden-wuerttemberg.de\/djg2018\/wp-json\/wp\/v2\/media\/446"}],"wp:attachment":[{"href":"https:\/\/japan-in-baden-wuerttemberg.de\/djg2018\/wp-json\/wp\/v2\/media?parent=445"}],"wp:term":[{"taxonomy":"category","embeddable":true,"href":"https:\/\/japan-in-baden-wuerttemberg.de\/djg2018\/wp-json\/wp\/v2\/categories?post=445"},{"taxonomy":"post_tag","embeddable":true,"href":"https:\/\/japan-in-baden-wuerttemberg.de\/djg2018\/wp-json\/wp\/v2\/tags?post=445"}],"curies":[{"name":"wp","href":"https:\/\/api.w.org\/{rel}","templated":true}]}}