{"id":3651,"date":"2022-10-03T21:30:09","date_gmt":"2022-10-03T19:30:09","guid":{"rendered":"https:\/\/japan-in-baden-wuerttemberg.de\/djg2018\/?p=3651"},"modified":"2022-11-03T20:38:07","modified_gmt":"2022-11-03T19:38:07","slug":"filmabend-tora-san-und-die-weinroten-blumen-%e5%af%85%e6%ac%a1%e9%83%8e%e7%b4%85%e3%81%ae%e8%8a%b1","status":"publish","type":"post","link":"https:\/\/japan-in-baden-wuerttemberg.de\/djg2018\/filmabend-tora-san-und-die-weinroten-blumen-%e5%af%85%e6%ac%a1%e9%83%8e%e7%b4%85%e3%81%ae%e8%8a%b1\/","title":{"rendered":"Filmabend: Tora-san und die weinroten Blumen (\u5bc5\u6b21\u90ce\u7d05\u306e\u82b1)"},"content":{"rendered":"<p><a href=\"https:\/\/www.jki.de\/\" target=\"_blank\" rel=\"noopener\"><img loading=\"lazy\" decoding=\"async\" class=\"alignleft wp-image-3636 size-medium\" src=\"https:\/\/japan-in-baden-wuerttemberg.de\/djg2018\/wp-content\/uploads\/2022\/10\/JKI_Log_01-300x136.png\" alt=\"\" width=\"300\" height=\"136\" srcset=\"https:\/\/japan-in-baden-wuerttemberg.de\/djg2018\/wp-content\/uploads\/2022\/10\/JKI_Log_01-300x136.png 300w, https:\/\/japan-in-baden-wuerttemberg.de\/djg2018\/wp-content\/uploads\/2022\/10\/JKI_Log_01-768x349.png 768w, https:\/\/japan-in-baden-wuerttemberg.de\/djg2018\/wp-content\/uploads\/2022\/10\/JKI_Log_01.png 1000w\" sizes=\"(max-width: 300px) 100vw, 300px\" \/><\/a>In Zusammenarbeit mit dem Japanischen Kulturinstitut K\u00f6ln zeigen wir den letzten Spielfilm aus der Kultserie Otoko wa tsurai yo \u7537\u306f\u3064\u3089\u3044\u3088. Es ist hart, ein Mann zu sein mit dem Hauptdarsteller Atsumi Kiyoshi (1928-1996) aus dem Jahr 1995: Torajir\u00f4 kurenai no hana \u5bc5\u6b21\u90ce\u7d05\u306e\u82b1 Tora-san und die weinroten Blumen.<\/p>\n<p>Im Mittelpunkt steht der Handlungsreisende Tora-san, verk\u00f6rpert durch den Publikumsliebling Atsumi Kiyoshi, der als freiwilliger Helfer nach Kobe gegangen ist, um nach dem schweren Erdbeben dort zu helfen. Dies erf\u00e4hrt seine Familie per Zufall aus dem Fernsehen. Zudem bereitet Mitsuo, der Neffe von Tora-san, der Familie gro\u00dfe Sorgen, weil er aus Liebeskummer viel Unheil angerichtet hat und auf die Insel Amami \u00d4shima gefl\u00fcchtet ist. Dort findet ein Wiedersehen mit der ehemaligen Bars\u00e4ngerin Lili statt, die Tora-san aus fr\u00fcheren Jahren gut gekannt hat.<\/p>\n<p>Die letzte Folge, die 48., aus der Reihe Otoko wa tsurai yo \u7537\u306f\u3064\u3089\u3044\u3088 Es ist hart, ein Mann zu sein: Torajir\u00f4 kurenai no hana \u5bc5\u6b21\u90ce\u7d05\u306e\u82b1 . Tora-san und die weinroten Blumen bildet den Abschluss der \u00fcberaus erfolgreichen Spielfilmreihe, die 1969 zun\u00e4chst als TV-Serie begonnen hatte und zumeist zum Jahresende ausgestrahlt wurde. Alle Generationen schauten vereint die jeweils abgeschlossenen Geschichten, in denen der humorvolle Hauptdarsteller Tora-san in immer wieder neue Abenteuer ger\u00e4t, die ihn kreuz und quer durch Japan f\u00fchren. Mit dem Tod des Schauspielers Atsumi Kiyoshi wurde die Filmserie eingestellt.<\/p>\n<ul>\n<li>Produktionsjahr: 1995, 16mm<\/li>\n<li>Sprache: OmdU<\/li>\n<li>L\u00e4nge: 110 Minuten<\/li>\n<li>Regie und Drehbuch: Yamada Y\u00f4ji<\/li>\n<\/ul>\n<p><strong>Wann?<\/strong><br \/>\nFreitag, den 21. Oktober 2022,<br \/>\nBeginn: 19.00 Uhr<\/p>\n<p><strong>Wo?<\/strong><br \/>\nOTTO HERBERT HAJEK-Saal im B\u00fcrgerzentrum Stuttgart-West<br \/>\nBebelstr. 22, 70193 Stuttgart<\/p>\n<p><strong>Eintritt?<\/strong><br \/>\nKostenlos<\/p>\n<p>&nbsp;<\/p>\n<p><span style=\"font-size: 10pt;\">Bild: \u00a9 1995 Shochiku Co., Ltd.<\/span><\/p>\n","protected":false},"excerpt":{"rendered":"<p>In Zusammenarbeit mit dem Japanischen Kulturinstitut K\u00f6ln zeigen wir den letzten Spielfilm aus der Kultserie<br \/>\nOtoko wa tsurai yo \u7537\u306f\u3064\u3089\u3044\u3088.<\/p>\n","protected":false},"author":1,"featured_media":3635,"comment_status":"closed","ping_status":"closed","sticky":false,"template":"","format":"standard","meta":{"_et_pb_use_builder":"","_et_pb_old_content":"","_et_gb_content_width":"","footnotes":""},"categories":[9],"tags":[106],"class_list":["post-3651","post","type-post","status-publish","format-standard","has-post-thumbnail","hentry","category-veranstaltungs-berichte","tag-filmabend","et-has-post-format-content","et_post_format-et-post-format-standard"],"yoast_head":"<!-- This site is optimized with the Yoast SEO plugin v27.4 - https:\/\/yoast.com\/product\/yoast-seo-wordpress\/ -->\n<title>Filmabend: Tora-san und die weinroten Blumen (\u5bc5\u6b21\u90ce\u7d05\u306e\u82b1) - DJG BW | Deutsch-Japanische Gesellschaft Baden-W\u00fcrttemberg e.V.<\/title>\n<meta name=\"robots\" content=\"index, follow, max-snippet:-1, max-image-preview:large, max-video-preview:-1\" \/>\n<link rel=\"canonical\" href=\"https:\/\/japan-in-baden-wuerttemberg.de\/djg2018\/filmabend-tora-san-und-die-weinroten-blumen-\u5bc5\u6b21\u90ce\u7d05\u306e\u82b1\/\" \/>\n<meta property=\"og:locale\" content=\"de_DE\" \/>\n<meta property=\"og:type\" content=\"article\" \/>\n<meta property=\"og:title\" content=\"Filmabend: Tora-san und die weinroten Blumen (\u5bc5\u6b21\u90ce\u7d05\u306e\u82b1) - DJG BW | Deutsch-Japanische Gesellschaft Baden-W\u00fcrttemberg e.V.\" \/>\n<meta property=\"og:description\" content=\"In Zusammenarbeit mit dem Japanischen Kulturinstitut K\u00f6ln zeigen wir den letzten Spielfilm aus der Kultserie Otoko wa tsurai yo \u7537\u306f\u3064\u3089\u3044\u3088.\" \/>\n<meta property=\"og:url\" content=\"https:\/\/japan-in-baden-wuerttemberg.de\/djg2018\/filmabend-tora-san-und-die-weinroten-blumen-\u5bc5\u6b21\u90ce\u7d05\u306e\u82b1\/\" \/>\n<meta property=\"og:site_name\" content=\"DJG BW | Deutsch-Japanische Gesellschaft Baden-W\u00fcrttemberg e.V.\" \/>\n<meta property=\"article:published_time\" content=\"2022-10-03T19:30:09+00:00\" \/>\n<meta property=\"article:modified_time\" content=\"2022-11-03T19:38:07+00:00\" \/>\n<meta property=\"og:image\" content=\"https:\/\/japan-in-baden-wuerttemberg.de\/djg2018\/wp-content\/uploads\/2022\/10\/sp123a-Weinrote-Blumen.jpg\" \/>\n\t<meta property=\"og:image:width\" content=\"999\" \/>\n\t<meta property=\"og:image:height\" content=\"664\" \/>\n\t<meta property=\"og:image:type\" content=\"image\/jpeg\" \/>\n<meta name=\"author\" content=\"Redaktion\" \/>\n<meta name=\"twitter:card\" content=\"summary_large_image\" \/>\n<meta name=\"twitter:label1\" content=\"Verfasst von\" \/>\n\t<meta name=\"twitter:data1\" content=\"Redaktion\" \/>\n\t<meta name=\"twitter:label2\" content=\"Gesch\u00e4tzte Lesezeit\" \/>\n\t<meta name=\"twitter:data2\" content=\"2\u00a0Minuten\" \/>\n<script type=\"application\/ld+json\" class=\"yoast-schema-graph\">{\"@context\":\"https:\\\/\\\/schema.org\",\"@graph\":[{\"@type\":\"Article\",\"@id\":\"https:\\\/\\\/japan-in-baden-wuerttemberg.de\\\/djg2018\\\/filmabend-tora-san-und-die-weinroten-blumen-%e5%af%85%e6%ac%a1%e9%83%8e%e7%b4%85%e3%81%ae%e8%8a%b1\\\/#article\",\"isPartOf\":{\"@id\":\"https:\\\/\\\/japan-in-baden-wuerttemberg.de\\\/djg2018\\\/filmabend-tora-san-und-die-weinroten-blumen-%e5%af%85%e6%ac%a1%e9%83%8e%e7%b4%85%e3%81%ae%e8%8a%b1\\\/\"},\"author\":{\"name\":\"Redaktion\",\"@id\":\"https:\\\/\\\/japan-in-baden-wuerttemberg.de\\\/djg2018\\\/#\\\/schema\\\/person\\\/d5ba61c63aeb9f885125e6fae0a8b20c\"},\"headline\":\"Filmabend: Tora-san und die weinroten Blumen (\u5bc5\u6b21\u90ce\u7d05\u306e\u82b1)\",\"datePublished\":\"2022-10-03T19:30:09+00:00\",\"dateModified\":\"2022-11-03T19:38:07+00:00\",\"mainEntityOfPage\":{\"@id\":\"https:\\\/\\\/japan-in-baden-wuerttemberg.de\\\/djg2018\\\/filmabend-tora-san-und-die-weinroten-blumen-%e5%af%85%e6%ac%a1%e9%83%8e%e7%b4%85%e3%81%ae%e8%8a%b1\\\/\"},\"wordCount\":263,\"publisher\":{\"@id\":\"https:\\\/\\\/japan-in-baden-wuerttemberg.de\\\/djg2018\\\/#organization\"},\"image\":{\"@id\":\"https:\\\/\\\/japan-in-baden-wuerttemberg.de\\\/djg2018\\\/filmabend-tora-san-und-die-weinroten-blumen-%e5%af%85%e6%ac%a1%e9%83%8e%e7%b4%85%e3%81%ae%e8%8a%b1\\\/#primaryimage\"},\"thumbnailUrl\":\"https:\\\/\\\/japan-in-baden-wuerttemberg.de\\\/djg2018\\\/wp-content\\\/uploads\\\/2022\\\/10\\\/sp123a-Weinrote-Blumen.jpg\",\"keywords\":[\"Filmabend\"],\"articleSection\":[\"Veranstaltungs-Berichte\"],\"inLanguage\":\"de\"},{\"@type\":\"WebPage\",\"@id\":\"https:\\\/\\\/japan-in-baden-wuerttemberg.de\\\/djg2018\\\/filmabend-tora-san-und-die-weinroten-blumen-%e5%af%85%e6%ac%a1%e9%83%8e%e7%b4%85%e3%81%ae%e8%8a%b1\\\/\",\"url\":\"https:\\\/\\\/japan-in-baden-wuerttemberg.de\\\/djg2018\\\/filmabend-tora-san-und-die-weinroten-blumen-%e5%af%85%e6%ac%a1%e9%83%8e%e7%b4%85%e3%81%ae%e8%8a%b1\\\/\",\"name\":\"Filmabend: Tora-san und die weinroten Blumen (\u5bc5\u6b21\u90ce\u7d05\u306e\u82b1) - DJG BW | Deutsch-Japanische Gesellschaft Baden-W\u00fcrttemberg e.V.\",\"isPartOf\":{\"@id\":\"https:\\\/\\\/japan-in-baden-wuerttemberg.de\\\/djg2018\\\/#website\"},\"primaryImageOfPage\":{\"@id\":\"https:\\\/\\\/japan-in-baden-wuerttemberg.de\\\/djg2018\\\/filmabend-tora-san-und-die-weinroten-blumen-%e5%af%85%e6%ac%a1%e9%83%8e%e7%b4%85%e3%81%ae%e8%8a%b1\\\/#primaryimage\"},\"image\":{\"@id\":\"https:\\\/\\\/japan-in-baden-wuerttemberg.de\\\/djg2018\\\/filmabend-tora-san-und-die-weinroten-blumen-%e5%af%85%e6%ac%a1%e9%83%8e%e7%b4%85%e3%81%ae%e8%8a%b1\\\/#primaryimage\"},\"thumbnailUrl\":\"https:\\\/\\\/japan-in-baden-wuerttemberg.de\\\/djg2018\\\/wp-content\\\/uploads\\\/2022\\\/10\\\/sp123a-Weinrote-Blumen.jpg\",\"datePublished\":\"2022-10-03T19:30:09+00:00\",\"dateModified\":\"2022-11-03T19:38:07+00:00\",\"breadcrumb\":{\"@id\":\"https:\\\/\\\/japan-in-baden-wuerttemberg.de\\\/djg2018\\\/filmabend-tora-san-und-die-weinroten-blumen-%e5%af%85%e6%ac%a1%e9%83%8e%e7%b4%85%e3%81%ae%e8%8a%b1\\\/#breadcrumb\"},\"inLanguage\":\"de\",\"potentialAction\":[{\"@type\":\"ReadAction\",\"target\":[\"https:\\\/\\\/japan-in-baden-wuerttemberg.de\\\/djg2018\\\/filmabend-tora-san-und-die-weinroten-blumen-%e5%af%85%e6%ac%a1%e9%83%8e%e7%b4%85%e3%81%ae%e8%8a%b1\\\/\"]}]},{\"@type\":\"ImageObject\",\"inLanguage\":\"de\",\"@id\":\"https:\\\/\\\/japan-in-baden-wuerttemberg.de\\\/djg2018\\\/filmabend-tora-san-und-die-weinroten-blumen-%e5%af%85%e6%ac%a1%e9%83%8e%e7%b4%85%e3%81%ae%e8%8a%b1\\\/#primaryimage\",\"url\":\"https:\\\/\\\/japan-in-baden-wuerttemberg.de\\\/djg2018\\\/wp-content\\\/uploads\\\/2022\\\/10\\\/sp123a-Weinrote-Blumen.jpg\",\"contentUrl\":\"https:\\\/\\\/japan-in-baden-wuerttemberg.de\\\/djg2018\\\/wp-content\\\/uploads\\\/2022\\\/10\\\/sp123a-Weinrote-Blumen.jpg\",\"width\":999,\"height\":664},{\"@type\":\"BreadcrumbList\",\"@id\":\"https:\\\/\\\/japan-in-baden-wuerttemberg.de\\\/djg2018\\\/filmabend-tora-san-und-die-weinroten-blumen-%e5%af%85%e6%ac%a1%e9%83%8e%e7%b4%85%e3%81%ae%e8%8a%b1\\\/#breadcrumb\",\"itemListElement\":[{\"@type\":\"ListItem\",\"position\":1,\"name\":\"Startseite\",\"item\":\"https:\\\/\\\/japan-in-baden-wuerttemberg.de\\\/djg2018\\\/\"},{\"@type\":\"ListItem\",\"position\":2,\"name\":\"Filmabend: Tora-san und die weinroten Blumen (\u5bc5\u6b21\u90ce\u7d05\u306e\u82b1)\"}]},{\"@type\":\"WebSite\",\"@id\":\"https:\\\/\\\/japan-in-baden-wuerttemberg.de\\\/djg2018\\\/#website\",\"url\":\"https:\\\/\\\/japan-in-baden-wuerttemberg.de\\\/djg2018\\\/\",\"name\":\"DJG BW | Deutsch-Japanische Gesellschaft Baden-W\u00fcrttemberg e.V.\",\"description\":\"\",\"publisher\":{\"@id\":\"https:\\\/\\\/japan-in-baden-wuerttemberg.de\\\/djg2018\\\/#organization\"},\"potentialAction\":[{\"@type\":\"SearchAction\",\"target\":{\"@type\":\"EntryPoint\",\"urlTemplate\":\"https:\\\/\\\/japan-in-baden-wuerttemberg.de\\\/djg2018\\\/?s={search_term_string}\"},\"query-input\":{\"@type\":\"PropertyValueSpecification\",\"valueRequired\":true,\"valueName\":\"search_term_string\"}}],\"inLanguage\":\"de\"},{\"@type\":\"Organization\",\"@id\":\"https:\\\/\\\/japan-in-baden-wuerttemberg.de\\\/djg2018\\\/#organization\",\"name\":\"Deutsch-Japanische Gesellschaft Baden-W\u00fcrttemberg e.V.\",\"url\":\"https:\\\/\\\/japan-in-baden-wuerttemberg.de\\\/djg2018\\\/\",\"logo\":{\"@type\":\"ImageObject\",\"inLanguage\":\"de\",\"@id\":\"https:\\\/\\\/japan-in-baden-wuerttemberg.de\\\/djg2018\\\/#\\\/schema\\\/logo\\\/image\\\/\",\"url\":\"https:\\\/\\\/japan-in-baden-wuerttemberg.de\\\/djg2018\\\/wp-content\\\/uploads\\\/2018\\\/12\\\/djg_bw_logo2.jpg\",\"contentUrl\":\"https:\\\/\\\/japan-in-baden-wuerttemberg.de\\\/djg2018\\\/wp-content\\\/uploads\\\/2018\\\/12\\\/djg_bw_logo2.jpg\",\"width\":708,\"height\":200,\"caption\":\"Deutsch-Japanische Gesellschaft Baden-W\u00fcrttemberg e.V.\"},\"image\":{\"@id\":\"https:\\\/\\\/japan-in-baden-wuerttemberg.de\\\/djg2018\\\/#\\\/schema\\\/logo\\\/image\\\/\"}},{\"@type\":\"Person\",\"@id\":\"https:\\\/\\\/japan-in-baden-wuerttemberg.de\\\/djg2018\\\/#\\\/schema\\\/person\\\/d5ba61c63aeb9f885125e6fae0a8b20c\",\"name\":\"Redaktion\",\"image\":{\"@type\":\"ImageObject\",\"inLanguage\":\"de\",\"@id\":\"https:\\\/\\\/japan-in-baden-wuerttemberg.de\\\/djg2018\\\/wp-content\\\/wphb-cache\\\/gravatar\\\/5cb\\\/5cb9854e344676cae1832d3b7566e6f1x96.jpg\",\"url\":\"https:\\\/\\\/japan-in-baden-wuerttemberg.de\\\/djg2018\\\/wp-content\\\/wphb-cache\\\/gravatar\\\/5cb\\\/5cb9854e344676cae1832d3b7566e6f1x96.jpg\",\"contentUrl\":\"https:\\\/\\\/japan-in-baden-wuerttemberg.de\\\/djg2018\\\/wp-content\\\/wphb-cache\\\/gravatar\\\/5cb\\\/5cb9854e344676cae1832d3b7566e6f1x96.jpg\",\"caption\":\"Redaktion\"},\"url\":\"https:\\\/\\\/japan-in-baden-wuerttemberg.de\\\/djg2018\\\/author\\\/david\\\/\"}]}<\/script>\n<!-- \/ Yoast SEO plugin. -->","yoast_head_json":{"title":"Filmabend: Tora-san und die weinroten Blumen (\u5bc5\u6b21\u90ce\u7d05\u306e\u82b1) - DJG BW | Deutsch-Japanische Gesellschaft Baden-W\u00fcrttemberg e.V.","robots":{"index":"index","follow":"follow","max-snippet":"max-snippet:-1","max-image-preview":"max-image-preview:large","max-video-preview":"max-video-preview:-1"},"canonical":"https:\/\/japan-in-baden-wuerttemberg.de\/djg2018\/filmabend-tora-san-und-die-weinroten-blumen-\u5bc5\u6b21\u90ce\u7d05\u306e\u82b1\/","og_locale":"de_DE","og_type":"article","og_title":"Filmabend: Tora-san und die weinroten Blumen (\u5bc5\u6b21\u90ce\u7d05\u306e\u82b1) - DJG BW | Deutsch-Japanische Gesellschaft Baden-W\u00fcrttemberg e.V.","og_description":"In Zusammenarbeit mit dem Japanischen Kulturinstitut K\u00f6ln zeigen wir den letzten Spielfilm aus der Kultserie Otoko wa tsurai yo \u7537\u306f\u3064\u3089\u3044\u3088.","og_url":"https:\/\/japan-in-baden-wuerttemberg.de\/djg2018\/filmabend-tora-san-und-die-weinroten-blumen-\u5bc5\u6b21\u90ce\u7d05\u306e\u82b1\/","og_site_name":"DJG BW | Deutsch-Japanische Gesellschaft Baden-W\u00fcrttemberg e.V.","article_published_time":"2022-10-03T19:30:09+00:00","article_modified_time":"2022-11-03T19:38:07+00:00","og_image":[{"width":999,"height":664,"url":"https:\/\/japan-in-baden-wuerttemberg.de\/djg2018\/wp-content\/uploads\/2022\/10\/sp123a-Weinrote-Blumen.jpg","type":"image\/jpeg"}],"author":"Redaktion","twitter_card":"summary_large_image","twitter_misc":{"Verfasst von":"Redaktion","Gesch\u00e4tzte Lesezeit":"2\u00a0Minuten"},"schema":{"@context":"https:\/\/schema.org","@graph":[{"@type":"Article","@id":"https:\/\/japan-in-baden-wuerttemberg.de\/djg2018\/filmabend-tora-san-und-die-weinroten-blumen-%e5%af%85%e6%ac%a1%e9%83%8e%e7%b4%85%e3%81%ae%e8%8a%b1\/#article","isPartOf":{"@id":"https:\/\/japan-in-baden-wuerttemberg.de\/djg2018\/filmabend-tora-san-und-die-weinroten-blumen-%e5%af%85%e6%ac%a1%e9%83%8e%e7%b4%85%e3%81%ae%e8%8a%b1\/"},"author":{"name":"Redaktion","@id":"https:\/\/japan-in-baden-wuerttemberg.de\/djg2018\/#\/schema\/person\/d5ba61c63aeb9f885125e6fae0a8b20c"},"headline":"Filmabend: Tora-san und die weinroten Blumen (\u5bc5\u6b21\u90ce\u7d05\u306e\u82b1)","datePublished":"2022-10-03T19:30:09+00:00","dateModified":"2022-11-03T19:38:07+00:00","mainEntityOfPage":{"@id":"https:\/\/japan-in-baden-wuerttemberg.de\/djg2018\/filmabend-tora-san-und-die-weinroten-blumen-%e5%af%85%e6%ac%a1%e9%83%8e%e7%b4%85%e3%81%ae%e8%8a%b1\/"},"wordCount":263,"publisher":{"@id":"https:\/\/japan-in-baden-wuerttemberg.de\/djg2018\/#organization"},"image":{"@id":"https:\/\/japan-in-baden-wuerttemberg.de\/djg2018\/filmabend-tora-san-und-die-weinroten-blumen-%e5%af%85%e6%ac%a1%e9%83%8e%e7%b4%85%e3%81%ae%e8%8a%b1\/#primaryimage"},"thumbnailUrl":"https:\/\/japan-in-baden-wuerttemberg.de\/djg2018\/wp-content\/uploads\/2022\/10\/sp123a-Weinrote-Blumen.jpg","keywords":["Filmabend"],"articleSection":["Veranstaltungs-Berichte"],"inLanguage":"de"},{"@type":"WebPage","@id":"https:\/\/japan-in-baden-wuerttemberg.de\/djg2018\/filmabend-tora-san-und-die-weinroten-blumen-%e5%af%85%e6%ac%a1%e9%83%8e%e7%b4%85%e3%81%ae%e8%8a%b1\/","url":"https:\/\/japan-in-baden-wuerttemberg.de\/djg2018\/filmabend-tora-san-und-die-weinroten-blumen-%e5%af%85%e6%ac%a1%e9%83%8e%e7%b4%85%e3%81%ae%e8%8a%b1\/","name":"Filmabend: Tora-san und die weinroten Blumen (\u5bc5\u6b21\u90ce\u7d05\u306e\u82b1) - DJG BW | Deutsch-Japanische Gesellschaft Baden-W\u00fcrttemberg e.V.","isPartOf":{"@id":"https:\/\/japan-in-baden-wuerttemberg.de\/djg2018\/#website"},"primaryImageOfPage":{"@id":"https:\/\/japan-in-baden-wuerttemberg.de\/djg2018\/filmabend-tora-san-und-die-weinroten-blumen-%e5%af%85%e6%ac%a1%e9%83%8e%e7%b4%85%e3%81%ae%e8%8a%b1\/#primaryimage"},"image":{"@id":"https:\/\/japan-in-baden-wuerttemberg.de\/djg2018\/filmabend-tora-san-und-die-weinroten-blumen-%e5%af%85%e6%ac%a1%e9%83%8e%e7%b4%85%e3%81%ae%e8%8a%b1\/#primaryimage"},"thumbnailUrl":"https:\/\/japan-in-baden-wuerttemberg.de\/djg2018\/wp-content\/uploads\/2022\/10\/sp123a-Weinrote-Blumen.jpg","datePublished":"2022-10-03T19:30:09+00:00","dateModified":"2022-11-03T19:38:07+00:00","breadcrumb":{"@id":"https:\/\/japan-in-baden-wuerttemberg.de\/djg2018\/filmabend-tora-san-und-die-weinroten-blumen-%e5%af%85%e6%ac%a1%e9%83%8e%e7%b4%85%e3%81%ae%e8%8a%b1\/#breadcrumb"},"inLanguage":"de","potentialAction":[{"@type":"ReadAction","target":["https:\/\/japan-in-baden-wuerttemberg.de\/djg2018\/filmabend-tora-san-und-die-weinroten-blumen-%e5%af%85%e6%ac%a1%e9%83%8e%e7%b4%85%e3%81%ae%e8%8a%b1\/"]}]},{"@type":"ImageObject","inLanguage":"de","@id":"https:\/\/japan-in-baden-wuerttemberg.de\/djg2018\/filmabend-tora-san-und-die-weinroten-blumen-%e5%af%85%e6%ac%a1%e9%83%8e%e7%b4%85%e3%81%ae%e8%8a%b1\/#primaryimage","url":"https:\/\/japan-in-baden-wuerttemberg.de\/djg2018\/wp-content\/uploads\/2022\/10\/sp123a-Weinrote-Blumen.jpg","contentUrl":"https:\/\/japan-in-baden-wuerttemberg.de\/djg2018\/wp-content\/uploads\/2022\/10\/sp123a-Weinrote-Blumen.jpg","width":999,"height":664},{"@type":"BreadcrumbList","@id":"https:\/\/japan-in-baden-wuerttemberg.de\/djg2018\/filmabend-tora-san-und-die-weinroten-blumen-%e5%af%85%e6%ac%a1%e9%83%8e%e7%b4%85%e3%81%ae%e8%8a%b1\/#breadcrumb","itemListElement":[{"@type":"ListItem","position":1,"name":"Startseite","item":"https:\/\/japan-in-baden-wuerttemberg.de\/djg2018\/"},{"@type":"ListItem","position":2,"name":"Filmabend: Tora-san und die weinroten Blumen (\u5bc5\u6b21\u90ce\u7d05\u306e\u82b1)"}]},{"@type":"WebSite","@id":"https:\/\/japan-in-baden-wuerttemberg.de\/djg2018\/#website","url":"https:\/\/japan-in-baden-wuerttemberg.de\/djg2018\/","name":"DJG BW | Deutsch-Japanische Gesellschaft Baden-W\u00fcrttemberg e.V.","description":"","publisher":{"@id":"https:\/\/japan-in-baden-wuerttemberg.de\/djg2018\/#organization"},"potentialAction":[{"@type":"SearchAction","target":{"@type":"EntryPoint","urlTemplate":"https:\/\/japan-in-baden-wuerttemberg.de\/djg2018\/?s={search_term_string}"},"query-input":{"@type":"PropertyValueSpecification","valueRequired":true,"valueName":"search_term_string"}}],"inLanguage":"de"},{"@type":"Organization","@id":"https:\/\/japan-in-baden-wuerttemberg.de\/djg2018\/#organization","name":"Deutsch-Japanische Gesellschaft Baden-W\u00fcrttemberg e.V.","url":"https:\/\/japan-in-baden-wuerttemberg.de\/djg2018\/","logo":{"@type":"ImageObject","inLanguage":"de","@id":"https:\/\/japan-in-baden-wuerttemberg.de\/djg2018\/#\/schema\/logo\/image\/","url":"https:\/\/japan-in-baden-wuerttemberg.de\/djg2018\/wp-content\/uploads\/2018\/12\/djg_bw_logo2.jpg","contentUrl":"https:\/\/japan-in-baden-wuerttemberg.de\/djg2018\/wp-content\/uploads\/2018\/12\/djg_bw_logo2.jpg","width":708,"height":200,"caption":"Deutsch-Japanische Gesellschaft Baden-W\u00fcrttemberg e.V."},"image":{"@id":"https:\/\/japan-in-baden-wuerttemberg.de\/djg2018\/#\/schema\/logo\/image\/"}},{"@type":"Person","@id":"https:\/\/japan-in-baden-wuerttemberg.de\/djg2018\/#\/schema\/person\/d5ba61c63aeb9f885125e6fae0a8b20c","name":"Redaktion","image":{"@type":"ImageObject","inLanguage":"de","@id":"https:\/\/japan-in-baden-wuerttemberg.de\/djg2018\/wp-content\/wphb-cache\/gravatar\/5cb\/5cb9854e344676cae1832d3b7566e6f1x96.jpg","url":"https:\/\/japan-in-baden-wuerttemberg.de\/djg2018\/wp-content\/wphb-cache\/gravatar\/5cb\/5cb9854e344676cae1832d3b7566e6f1x96.jpg","contentUrl":"https:\/\/japan-in-baden-wuerttemberg.de\/djg2018\/wp-content\/wphb-cache\/gravatar\/5cb\/5cb9854e344676cae1832d3b7566e6f1x96.jpg","caption":"Redaktion"},"url":"https:\/\/japan-in-baden-wuerttemberg.de\/djg2018\/author\/david\/"}]}},"_links":{"self":[{"href":"https:\/\/japan-in-baden-wuerttemberg.de\/djg2018\/wp-json\/wp\/v2\/posts\/3651","targetHints":{"allow":["GET"]}}],"collection":[{"href":"https:\/\/japan-in-baden-wuerttemberg.de\/djg2018\/wp-json\/wp\/v2\/posts"}],"about":[{"href":"https:\/\/japan-in-baden-wuerttemberg.de\/djg2018\/wp-json\/wp\/v2\/types\/post"}],"author":[{"embeddable":true,"href":"https:\/\/japan-in-baden-wuerttemberg.de\/djg2018\/wp-json\/wp\/v2\/users\/1"}],"replies":[{"embeddable":true,"href":"https:\/\/japan-in-baden-wuerttemberg.de\/djg2018\/wp-json\/wp\/v2\/comments?post=3651"}],"version-history":[{"count":0,"href":"https:\/\/japan-in-baden-wuerttemberg.de\/djg2018\/wp-json\/wp\/v2\/posts\/3651\/revisions"}],"wp:featuredmedia":[{"embeddable":true,"href":"https:\/\/japan-in-baden-wuerttemberg.de\/djg2018\/wp-json\/wp\/v2\/media\/3635"}],"wp:attachment":[{"href":"https:\/\/japan-in-baden-wuerttemberg.de\/djg2018\/wp-json\/wp\/v2\/media?parent=3651"}],"wp:term":[{"taxonomy":"category","embeddable":true,"href":"https:\/\/japan-in-baden-wuerttemberg.de\/djg2018\/wp-json\/wp\/v2\/categories?post=3651"},{"taxonomy":"post_tag","embeddable":true,"href":"https:\/\/japan-in-baden-wuerttemberg.de\/djg2018\/wp-json\/wp\/v2\/tags?post=3651"}],"curies":[{"name":"wp","href":"https:\/\/api.w.org\/{rel}","templated":true}]}}