{"id":3641,"date":"2022-11-03T20:16:03","date_gmt":"2022-11-03T19:16:03","guid":{"rendered":"https:\/\/japan-in-baden-wuerttemberg.de\/djg2018\/?p=3641"},"modified":"2022-11-28T09:16:09","modified_gmt":"2022-11-28T08:16:09","slug":"visas-for-life-%e5%91%bd%e3%81%ae%e3%83%93%e3%82%b6-mit-andrea-kehle-jandl","status":"publish","type":"post","link":"https:\/\/japan-in-baden-wuerttemberg.de\/djg2018\/visas-for-life-%e5%91%bd%e3%81%ae%e3%83%93%e3%82%b6-mit-andrea-kehle-jandl\/","title":{"rendered":"Visas for Life  \u2013 \u547d\u306e\u30d3\u30b6 mit Andrea Kehle-Jandl"},"content":{"rendered":"<p><strong>Wann?<\/strong><br \/>\nAm Freitag, den 25.11.2022, ab 19 Uhr<\/p>\n<p><strong>Wo?<\/strong><br \/>\nSophie Knosp Raum im B\u00fcrgerzentrum Stuttgart-West<br \/>\nBebelstra\u00dfe 22, 70193 Stuttgart<\/p>\n<p>Kaunas 2022 \u2013 eine der 3 Kulturhauptst\u00e4dte des Jahres. Kaunas 1940, Hauptstadt der unabh\u00e4ngigen Republik Litauen. Nach dem Hitler-Stalin-Pakt im August 1939, in dem die Machtsph\u00e4ren von Hitler-Deutschland und der Sowjetunion abgegrenzt wurden, und dem \u00dcberfall auf Polen am 1. September 1939 war die Republik Litauen ein Zufluchtsort zwischen beiden Diktaturen: Kaunas wurde zum \u201eCasablanca des Nordens\u201c.<\/p>\n<p>Am 15. Juni 1940 marschierte die Rote Armee in Litauen ein und erzwang den Anschluss Litauens an die Sowjetrepublik. F\u00fcr Tausende &#8211; \u00fcberwiegend j\u00fcdische \u2013 Fl\u00fcchtlinge begann ein Wettlauf mit der Zeit, da alle Konsulate in K\u00fcrze geschlossen werden w\u00fcrden und somit eine offizielle Ausreise mit einem Visum unm\u00f6glich.<\/p>\n<p>In dieser Situation hat der pers\u00f6nliche Mut eines Einzelnen und seiner Familie Tausende Menschenleben gerettet. Japan hatte 1939 ein Konsulat in der Republik Litauen er\u00f6ffnet und Chiune Sugihara als Diplomat eingesetzt. Im Juli 1940 z\u00e4hlte Japan zu den wenigen L\u00e4ndern, die Transitvisa zum Verlassen der Sowjetunion ausgaben. Die Stra\u00dfe in dem ruhigen Villenviertel, in dem die Botschaft lag, quoll vor Menschen \u00fcber. Konsul Sugihara setzte sich \u00fcber die Ma\u00dfgabe aus Tokyo hinweg, monatlich nur 50 Visa auszugeben und erm\u00f6glichte innerhalb weniger Wochen etwa 10.000 Personen die Ausreise.<\/p>\n<p>1985 wurde Chiune Sugihara in Yad Vashem als einer der \u201eGerechten unter den V\u00f6lkern\u201c geehrt. 2015 erschien mit \u201ePersona non grata\u201c ein japanisch-polnischer Film \u00fcber die \u201eVisas for life\u201c.<\/p>\n<p>Der Vortrag in Wort und Bild wird von unserem Mitglied Andrea Kehle-Jandl, Japanologin aus Friedrichshafen, gehalten. Frau Kehle-Jandl verf\u00fcgt \u00fcber mehrj\u00e4hrige Kontakte nach Litauen und hat sich intensiv mit der Geschichte und Kultur des Landes befasst.<\/p>\n<p><span style=\"font-size: 10pt;\">Foto: Andrea Kehle-Jandl<\/span><\/p>\n","protected":false},"excerpt":{"rendered":"<p>Der Vortrag in Wort und Bild wird von unserem Mitglied Andrea Kehle-Jandl, Japanologin aus Friedrichshafen, gehalten.<\/p>\n","protected":false},"author":1,"featured_media":3637,"comment_status":"closed","ping_status":"closed","sticky":false,"template":"","format":"standard","meta":{"_et_pb_use_builder":"","_et_pb_old_content":"","_et_gb_content_width":"","footnotes":""},"categories":[9],"tags":[105,104,29],"class_list":["post-3641","post","type-post","status-publish","format-standard","has-post-thumbnail","hentry","category-veranstaltungs-berichte","tag-andrea-kehle-jandl","tag-visas-for-life","tag-vortrag","et-has-post-format-content","et_post_format-et-post-format-standard"],"yoast_head":"<!-- This site is optimized with the Yoast SEO plugin v27.4 - https:\/\/yoast.com\/product\/yoast-seo-wordpress\/ -->\n<title>Visas for Life \u2013 \u547d\u306e\u30d3\u30b6 mit Andrea Kehle-Jandl - DJG BW | Deutsch-Japanische Gesellschaft Baden-W\u00fcrttemberg e.V.<\/title>\n<meta name=\"robots\" content=\"index, follow, max-snippet:-1, max-image-preview:large, max-video-preview:-1\" \/>\n<link rel=\"canonical\" href=\"https:\/\/japan-in-baden-wuerttemberg.de\/djg2018\/visas-for-life-\u547d\u306e\u30d3\u30b6-mit-andrea-kehle-jandl\/\" \/>\n<meta property=\"og:locale\" content=\"de_DE\" \/>\n<meta property=\"og:type\" content=\"article\" \/>\n<meta property=\"og:title\" content=\"Visas for Life \u2013 \u547d\u306e\u30d3\u30b6 mit Andrea Kehle-Jandl - DJG BW | Deutsch-Japanische Gesellschaft Baden-W\u00fcrttemberg e.V.\" \/>\n<meta property=\"og:description\" content=\"Der Vortrag in Wort und Bild wird von unserem Mitglied Andrea Kehle-Jandl, Japanologin aus Friedrichshafen, gehalten.\" \/>\n<meta property=\"og:url\" content=\"https:\/\/japan-in-baden-wuerttemberg.de\/djg2018\/visas-for-life-\u547d\u306e\u30d3\u30b6-mit-andrea-kehle-jandl\/\" \/>\n<meta property=\"og:site_name\" content=\"DJG BW | Deutsch-Japanische Gesellschaft Baden-W\u00fcrttemberg e.V.\" \/>\n<meta property=\"article:published_time\" content=\"2022-11-03T19:16:03+00:00\" \/>\n<meta property=\"article:modified_time\" content=\"2022-11-28T08:16:09+00:00\" \/>\n<meta property=\"og:image\" content=\"https:\/\/japan-in-baden-wuerttemberg.de\/djg2018\/wp-content\/uploads\/2022\/10\/transitvisa_web.jpg\" \/>\n\t<meta property=\"og:image:width\" content=\"1440\" \/>\n\t<meta property=\"og:image:height\" content=\"900\" \/>\n\t<meta property=\"og:image:type\" content=\"image\/jpeg\" \/>\n<meta name=\"author\" content=\"Redaktion\" \/>\n<meta name=\"twitter:card\" content=\"summary_large_image\" \/>\n<meta name=\"twitter:label1\" content=\"Verfasst von\" \/>\n\t<meta name=\"twitter:data1\" content=\"Redaktion\" \/>\n\t<meta name=\"twitter:label2\" content=\"Gesch\u00e4tzte Lesezeit\" \/>\n\t<meta name=\"twitter:data2\" content=\"2\u00a0Minuten\" \/>\n<script type=\"application\/ld+json\" class=\"yoast-schema-graph\">{\"@context\":\"https:\\\/\\\/schema.org\",\"@graph\":[{\"@type\":\"Article\",\"@id\":\"https:\\\/\\\/japan-in-baden-wuerttemberg.de\\\/djg2018\\\/visas-for-life-%e5%91%bd%e3%81%ae%e3%83%93%e3%82%b6-mit-andrea-kehle-jandl\\\/#article\",\"isPartOf\":{\"@id\":\"https:\\\/\\\/japan-in-baden-wuerttemberg.de\\\/djg2018\\\/visas-for-life-%e5%91%bd%e3%81%ae%e3%83%93%e3%82%b6-mit-andrea-kehle-jandl\\\/\"},\"author\":{\"name\":\"Redaktion\",\"@id\":\"https:\\\/\\\/japan-in-baden-wuerttemberg.de\\\/djg2018\\\/#\\\/schema\\\/person\\\/d5ba61c63aeb9f885125e6fae0a8b20c\"},\"headline\":\"Visas for Life \u2013 \u547d\u306e\u30d3\u30b6 mit Andrea Kehle-Jandl\",\"datePublished\":\"2022-11-03T19:16:03+00:00\",\"dateModified\":\"2022-11-28T08:16:09+00:00\",\"mainEntityOfPage\":{\"@id\":\"https:\\\/\\\/japan-in-baden-wuerttemberg.de\\\/djg2018\\\/visas-for-life-%e5%91%bd%e3%81%ae%e3%83%93%e3%82%b6-mit-andrea-kehle-jandl\\\/\"},\"wordCount\":287,\"publisher\":{\"@id\":\"https:\\\/\\\/japan-in-baden-wuerttemberg.de\\\/djg2018\\\/#organization\"},\"image\":{\"@id\":\"https:\\\/\\\/japan-in-baden-wuerttemberg.de\\\/djg2018\\\/visas-for-life-%e5%91%bd%e3%81%ae%e3%83%93%e3%82%b6-mit-andrea-kehle-jandl\\\/#primaryimage\"},\"thumbnailUrl\":\"https:\\\/\\\/japan-in-baden-wuerttemberg.de\\\/djg2018\\\/wp-content\\\/uploads\\\/2022\\\/10\\\/transitvisa_web.jpg\",\"keywords\":[\"Andrea Kehle-Jandl\",\"Visas for Life\",\"Vortrag\"],\"articleSection\":[\"Veranstaltungs-Berichte\"],\"inLanguage\":\"de\"},{\"@type\":\"WebPage\",\"@id\":\"https:\\\/\\\/japan-in-baden-wuerttemberg.de\\\/djg2018\\\/visas-for-life-%e5%91%bd%e3%81%ae%e3%83%93%e3%82%b6-mit-andrea-kehle-jandl\\\/\",\"url\":\"https:\\\/\\\/japan-in-baden-wuerttemberg.de\\\/djg2018\\\/visas-for-life-%e5%91%bd%e3%81%ae%e3%83%93%e3%82%b6-mit-andrea-kehle-jandl\\\/\",\"name\":\"Visas for Life \u2013 \u547d\u306e\u30d3\u30b6 mit Andrea Kehle-Jandl - DJG BW | Deutsch-Japanische Gesellschaft Baden-W\u00fcrttemberg e.V.\",\"isPartOf\":{\"@id\":\"https:\\\/\\\/japan-in-baden-wuerttemberg.de\\\/djg2018\\\/#website\"},\"primaryImageOfPage\":{\"@id\":\"https:\\\/\\\/japan-in-baden-wuerttemberg.de\\\/djg2018\\\/visas-for-life-%e5%91%bd%e3%81%ae%e3%83%93%e3%82%b6-mit-andrea-kehle-jandl\\\/#primaryimage\"},\"image\":{\"@id\":\"https:\\\/\\\/japan-in-baden-wuerttemberg.de\\\/djg2018\\\/visas-for-life-%e5%91%bd%e3%81%ae%e3%83%93%e3%82%b6-mit-andrea-kehle-jandl\\\/#primaryimage\"},\"thumbnailUrl\":\"https:\\\/\\\/japan-in-baden-wuerttemberg.de\\\/djg2018\\\/wp-content\\\/uploads\\\/2022\\\/10\\\/transitvisa_web.jpg\",\"datePublished\":\"2022-11-03T19:16:03+00:00\",\"dateModified\":\"2022-11-28T08:16:09+00:00\",\"breadcrumb\":{\"@id\":\"https:\\\/\\\/japan-in-baden-wuerttemberg.de\\\/djg2018\\\/visas-for-life-%e5%91%bd%e3%81%ae%e3%83%93%e3%82%b6-mit-andrea-kehle-jandl\\\/#breadcrumb\"},\"inLanguage\":\"de\",\"potentialAction\":[{\"@type\":\"ReadAction\",\"target\":[\"https:\\\/\\\/japan-in-baden-wuerttemberg.de\\\/djg2018\\\/visas-for-life-%e5%91%bd%e3%81%ae%e3%83%93%e3%82%b6-mit-andrea-kehle-jandl\\\/\"]}]},{\"@type\":\"ImageObject\",\"inLanguage\":\"de\",\"@id\":\"https:\\\/\\\/japan-in-baden-wuerttemberg.de\\\/djg2018\\\/visas-for-life-%e5%91%bd%e3%81%ae%e3%83%93%e3%82%b6-mit-andrea-kehle-jandl\\\/#primaryimage\",\"url\":\"https:\\\/\\\/japan-in-baden-wuerttemberg.de\\\/djg2018\\\/wp-content\\\/uploads\\\/2022\\\/10\\\/transitvisa_web.jpg\",\"contentUrl\":\"https:\\\/\\\/japan-in-baden-wuerttemberg.de\\\/djg2018\\\/wp-content\\\/uploads\\\/2022\\\/10\\\/transitvisa_web.jpg\",\"width\":1440,\"height\":900},{\"@type\":\"BreadcrumbList\",\"@id\":\"https:\\\/\\\/japan-in-baden-wuerttemberg.de\\\/djg2018\\\/visas-for-life-%e5%91%bd%e3%81%ae%e3%83%93%e3%82%b6-mit-andrea-kehle-jandl\\\/#breadcrumb\",\"itemListElement\":[{\"@type\":\"ListItem\",\"position\":1,\"name\":\"Startseite\",\"item\":\"https:\\\/\\\/japan-in-baden-wuerttemberg.de\\\/djg2018\\\/\"},{\"@type\":\"ListItem\",\"position\":2,\"name\":\"Visas for Life \u2013 \u547d\u306e\u30d3\u30b6 mit Andrea Kehle-Jandl\"}]},{\"@type\":\"WebSite\",\"@id\":\"https:\\\/\\\/japan-in-baden-wuerttemberg.de\\\/djg2018\\\/#website\",\"url\":\"https:\\\/\\\/japan-in-baden-wuerttemberg.de\\\/djg2018\\\/\",\"name\":\"DJG BW | Deutsch-Japanische Gesellschaft Baden-W\u00fcrttemberg e.V.\",\"description\":\"\",\"publisher\":{\"@id\":\"https:\\\/\\\/japan-in-baden-wuerttemberg.de\\\/djg2018\\\/#organization\"},\"potentialAction\":[{\"@type\":\"SearchAction\",\"target\":{\"@type\":\"EntryPoint\",\"urlTemplate\":\"https:\\\/\\\/japan-in-baden-wuerttemberg.de\\\/djg2018\\\/?s={search_term_string}\"},\"query-input\":{\"@type\":\"PropertyValueSpecification\",\"valueRequired\":true,\"valueName\":\"search_term_string\"}}],\"inLanguage\":\"de\"},{\"@type\":\"Organization\",\"@id\":\"https:\\\/\\\/japan-in-baden-wuerttemberg.de\\\/djg2018\\\/#organization\",\"name\":\"Deutsch-Japanische Gesellschaft Baden-W\u00fcrttemberg e.V.\",\"url\":\"https:\\\/\\\/japan-in-baden-wuerttemberg.de\\\/djg2018\\\/\",\"logo\":{\"@type\":\"ImageObject\",\"inLanguage\":\"de\",\"@id\":\"https:\\\/\\\/japan-in-baden-wuerttemberg.de\\\/djg2018\\\/#\\\/schema\\\/logo\\\/image\\\/\",\"url\":\"https:\\\/\\\/japan-in-baden-wuerttemberg.de\\\/djg2018\\\/wp-content\\\/uploads\\\/2018\\\/12\\\/djg_bw_logo2.jpg\",\"contentUrl\":\"https:\\\/\\\/japan-in-baden-wuerttemberg.de\\\/djg2018\\\/wp-content\\\/uploads\\\/2018\\\/12\\\/djg_bw_logo2.jpg\",\"width\":708,\"height\":200,\"caption\":\"Deutsch-Japanische Gesellschaft Baden-W\u00fcrttemberg e.V.\"},\"image\":{\"@id\":\"https:\\\/\\\/japan-in-baden-wuerttemberg.de\\\/djg2018\\\/#\\\/schema\\\/logo\\\/image\\\/\"}},{\"@type\":\"Person\",\"@id\":\"https:\\\/\\\/japan-in-baden-wuerttemberg.de\\\/djg2018\\\/#\\\/schema\\\/person\\\/d5ba61c63aeb9f885125e6fae0a8b20c\",\"name\":\"Redaktion\",\"image\":{\"@type\":\"ImageObject\",\"inLanguage\":\"de\",\"@id\":\"https:\\\/\\\/japan-in-baden-wuerttemberg.de\\\/djg2018\\\/wp-content\\\/wphb-cache\\\/gravatar\\\/5cb\\\/5cb9854e344676cae1832d3b7566e6f1x96.jpg\",\"url\":\"https:\\\/\\\/japan-in-baden-wuerttemberg.de\\\/djg2018\\\/wp-content\\\/wphb-cache\\\/gravatar\\\/5cb\\\/5cb9854e344676cae1832d3b7566e6f1x96.jpg\",\"contentUrl\":\"https:\\\/\\\/japan-in-baden-wuerttemberg.de\\\/djg2018\\\/wp-content\\\/wphb-cache\\\/gravatar\\\/5cb\\\/5cb9854e344676cae1832d3b7566e6f1x96.jpg\",\"caption\":\"Redaktion\"},\"url\":\"https:\\\/\\\/japan-in-baden-wuerttemberg.de\\\/djg2018\\\/author\\\/david\\\/\"}]}<\/script>\n<!-- \/ Yoast SEO plugin. -->","yoast_head_json":{"title":"Visas for Life \u2013 \u547d\u306e\u30d3\u30b6 mit Andrea Kehle-Jandl - DJG BW | Deutsch-Japanische Gesellschaft Baden-W\u00fcrttemberg e.V.","robots":{"index":"index","follow":"follow","max-snippet":"max-snippet:-1","max-image-preview":"max-image-preview:large","max-video-preview":"max-video-preview:-1"},"canonical":"https:\/\/japan-in-baden-wuerttemberg.de\/djg2018\/visas-for-life-\u547d\u306e\u30d3\u30b6-mit-andrea-kehle-jandl\/","og_locale":"de_DE","og_type":"article","og_title":"Visas for Life \u2013 \u547d\u306e\u30d3\u30b6 mit Andrea Kehle-Jandl - DJG BW | Deutsch-Japanische Gesellschaft Baden-W\u00fcrttemberg e.V.","og_description":"Der Vortrag in Wort und Bild wird von unserem Mitglied Andrea Kehle-Jandl, Japanologin aus Friedrichshafen, gehalten.","og_url":"https:\/\/japan-in-baden-wuerttemberg.de\/djg2018\/visas-for-life-\u547d\u306e\u30d3\u30b6-mit-andrea-kehle-jandl\/","og_site_name":"DJG BW | Deutsch-Japanische Gesellschaft Baden-W\u00fcrttemberg e.V.","article_published_time":"2022-11-03T19:16:03+00:00","article_modified_time":"2022-11-28T08:16:09+00:00","og_image":[{"width":1440,"height":900,"url":"https:\/\/japan-in-baden-wuerttemberg.de\/djg2018\/wp-content\/uploads\/2022\/10\/transitvisa_web.jpg","type":"image\/jpeg"}],"author":"Redaktion","twitter_card":"summary_large_image","twitter_misc":{"Verfasst von":"Redaktion","Gesch\u00e4tzte Lesezeit":"2\u00a0Minuten"},"schema":{"@context":"https:\/\/schema.org","@graph":[{"@type":"Article","@id":"https:\/\/japan-in-baden-wuerttemberg.de\/djg2018\/visas-for-life-%e5%91%bd%e3%81%ae%e3%83%93%e3%82%b6-mit-andrea-kehle-jandl\/#article","isPartOf":{"@id":"https:\/\/japan-in-baden-wuerttemberg.de\/djg2018\/visas-for-life-%e5%91%bd%e3%81%ae%e3%83%93%e3%82%b6-mit-andrea-kehle-jandl\/"},"author":{"name":"Redaktion","@id":"https:\/\/japan-in-baden-wuerttemberg.de\/djg2018\/#\/schema\/person\/d5ba61c63aeb9f885125e6fae0a8b20c"},"headline":"Visas for Life \u2013 \u547d\u306e\u30d3\u30b6 mit Andrea Kehle-Jandl","datePublished":"2022-11-03T19:16:03+00:00","dateModified":"2022-11-28T08:16:09+00:00","mainEntityOfPage":{"@id":"https:\/\/japan-in-baden-wuerttemberg.de\/djg2018\/visas-for-life-%e5%91%bd%e3%81%ae%e3%83%93%e3%82%b6-mit-andrea-kehle-jandl\/"},"wordCount":287,"publisher":{"@id":"https:\/\/japan-in-baden-wuerttemberg.de\/djg2018\/#organization"},"image":{"@id":"https:\/\/japan-in-baden-wuerttemberg.de\/djg2018\/visas-for-life-%e5%91%bd%e3%81%ae%e3%83%93%e3%82%b6-mit-andrea-kehle-jandl\/#primaryimage"},"thumbnailUrl":"https:\/\/japan-in-baden-wuerttemberg.de\/djg2018\/wp-content\/uploads\/2022\/10\/transitvisa_web.jpg","keywords":["Andrea Kehle-Jandl","Visas for Life","Vortrag"],"articleSection":["Veranstaltungs-Berichte"],"inLanguage":"de"},{"@type":"WebPage","@id":"https:\/\/japan-in-baden-wuerttemberg.de\/djg2018\/visas-for-life-%e5%91%bd%e3%81%ae%e3%83%93%e3%82%b6-mit-andrea-kehle-jandl\/","url":"https:\/\/japan-in-baden-wuerttemberg.de\/djg2018\/visas-for-life-%e5%91%bd%e3%81%ae%e3%83%93%e3%82%b6-mit-andrea-kehle-jandl\/","name":"Visas for Life \u2013 \u547d\u306e\u30d3\u30b6 mit Andrea Kehle-Jandl - DJG BW | Deutsch-Japanische Gesellschaft Baden-W\u00fcrttemberg e.V.","isPartOf":{"@id":"https:\/\/japan-in-baden-wuerttemberg.de\/djg2018\/#website"},"primaryImageOfPage":{"@id":"https:\/\/japan-in-baden-wuerttemberg.de\/djg2018\/visas-for-life-%e5%91%bd%e3%81%ae%e3%83%93%e3%82%b6-mit-andrea-kehle-jandl\/#primaryimage"},"image":{"@id":"https:\/\/japan-in-baden-wuerttemberg.de\/djg2018\/visas-for-life-%e5%91%bd%e3%81%ae%e3%83%93%e3%82%b6-mit-andrea-kehle-jandl\/#primaryimage"},"thumbnailUrl":"https:\/\/japan-in-baden-wuerttemberg.de\/djg2018\/wp-content\/uploads\/2022\/10\/transitvisa_web.jpg","datePublished":"2022-11-03T19:16:03+00:00","dateModified":"2022-11-28T08:16:09+00:00","breadcrumb":{"@id":"https:\/\/japan-in-baden-wuerttemberg.de\/djg2018\/visas-for-life-%e5%91%bd%e3%81%ae%e3%83%93%e3%82%b6-mit-andrea-kehle-jandl\/#breadcrumb"},"inLanguage":"de","potentialAction":[{"@type":"ReadAction","target":["https:\/\/japan-in-baden-wuerttemberg.de\/djg2018\/visas-for-life-%e5%91%bd%e3%81%ae%e3%83%93%e3%82%b6-mit-andrea-kehle-jandl\/"]}]},{"@type":"ImageObject","inLanguage":"de","@id":"https:\/\/japan-in-baden-wuerttemberg.de\/djg2018\/visas-for-life-%e5%91%bd%e3%81%ae%e3%83%93%e3%82%b6-mit-andrea-kehle-jandl\/#primaryimage","url":"https:\/\/japan-in-baden-wuerttemberg.de\/djg2018\/wp-content\/uploads\/2022\/10\/transitvisa_web.jpg","contentUrl":"https:\/\/japan-in-baden-wuerttemberg.de\/djg2018\/wp-content\/uploads\/2022\/10\/transitvisa_web.jpg","width":1440,"height":900},{"@type":"BreadcrumbList","@id":"https:\/\/japan-in-baden-wuerttemberg.de\/djg2018\/visas-for-life-%e5%91%bd%e3%81%ae%e3%83%93%e3%82%b6-mit-andrea-kehle-jandl\/#breadcrumb","itemListElement":[{"@type":"ListItem","position":1,"name":"Startseite","item":"https:\/\/japan-in-baden-wuerttemberg.de\/djg2018\/"},{"@type":"ListItem","position":2,"name":"Visas for Life \u2013 \u547d\u306e\u30d3\u30b6 mit Andrea Kehle-Jandl"}]},{"@type":"WebSite","@id":"https:\/\/japan-in-baden-wuerttemberg.de\/djg2018\/#website","url":"https:\/\/japan-in-baden-wuerttemberg.de\/djg2018\/","name":"DJG BW | Deutsch-Japanische Gesellschaft Baden-W\u00fcrttemberg e.V.","description":"","publisher":{"@id":"https:\/\/japan-in-baden-wuerttemberg.de\/djg2018\/#organization"},"potentialAction":[{"@type":"SearchAction","target":{"@type":"EntryPoint","urlTemplate":"https:\/\/japan-in-baden-wuerttemberg.de\/djg2018\/?s={search_term_string}"},"query-input":{"@type":"PropertyValueSpecification","valueRequired":true,"valueName":"search_term_string"}}],"inLanguage":"de"},{"@type":"Organization","@id":"https:\/\/japan-in-baden-wuerttemberg.de\/djg2018\/#organization","name":"Deutsch-Japanische Gesellschaft Baden-W\u00fcrttemberg e.V.","url":"https:\/\/japan-in-baden-wuerttemberg.de\/djg2018\/","logo":{"@type":"ImageObject","inLanguage":"de","@id":"https:\/\/japan-in-baden-wuerttemberg.de\/djg2018\/#\/schema\/logo\/image\/","url":"https:\/\/japan-in-baden-wuerttemberg.de\/djg2018\/wp-content\/uploads\/2018\/12\/djg_bw_logo2.jpg","contentUrl":"https:\/\/japan-in-baden-wuerttemberg.de\/djg2018\/wp-content\/uploads\/2018\/12\/djg_bw_logo2.jpg","width":708,"height":200,"caption":"Deutsch-Japanische Gesellschaft Baden-W\u00fcrttemberg e.V."},"image":{"@id":"https:\/\/japan-in-baden-wuerttemberg.de\/djg2018\/#\/schema\/logo\/image\/"}},{"@type":"Person","@id":"https:\/\/japan-in-baden-wuerttemberg.de\/djg2018\/#\/schema\/person\/d5ba61c63aeb9f885125e6fae0a8b20c","name":"Redaktion","image":{"@type":"ImageObject","inLanguage":"de","@id":"https:\/\/japan-in-baden-wuerttemberg.de\/djg2018\/wp-content\/wphb-cache\/gravatar\/5cb\/5cb9854e344676cae1832d3b7566e6f1x96.jpg","url":"https:\/\/japan-in-baden-wuerttemberg.de\/djg2018\/wp-content\/wphb-cache\/gravatar\/5cb\/5cb9854e344676cae1832d3b7566e6f1x96.jpg","contentUrl":"https:\/\/japan-in-baden-wuerttemberg.de\/djg2018\/wp-content\/wphb-cache\/gravatar\/5cb\/5cb9854e344676cae1832d3b7566e6f1x96.jpg","caption":"Redaktion"},"url":"https:\/\/japan-in-baden-wuerttemberg.de\/djg2018\/author\/david\/"}]}},"_links":{"self":[{"href":"https:\/\/japan-in-baden-wuerttemberg.de\/djg2018\/wp-json\/wp\/v2\/posts\/3641","targetHints":{"allow":["GET"]}}],"collection":[{"href":"https:\/\/japan-in-baden-wuerttemberg.de\/djg2018\/wp-json\/wp\/v2\/posts"}],"about":[{"href":"https:\/\/japan-in-baden-wuerttemberg.de\/djg2018\/wp-json\/wp\/v2\/types\/post"}],"author":[{"embeddable":true,"href":"https:\/\/japan-in-baden-wuerttemberg.de\/djg2018\/wp-json\/wp\/v2\/users\/1"}],"replies":[{"embeddable":true,"href":"https:\/\/japan-in-baden-wuerttemberg.de\/djg2018\/wp-json\/wp\/v2\/comments?post=3641"}],"version-history":[{"count":0,"href":"https:\/\/japan-in-baden-wuerttemberg.de\/djg2018\/wp-json\/wp\/v2\/posts\/3641\/revisions"}],"wp:featuredmedia":[{"embeddable":true,"href":"https:\/\/japan-in-baden-wuerttemberg.de\/djg2018\/wp-json\/wp\/v2\/media\/3637"}],"wp:attachment":[{"href":"https:\/\/japan-in-baden-wuerttemberg.de\/djg2018\/wp-json\/wp\/v2\/media?parent=3641"}],"wp:term":[{"taxonomy":"category","embeddable":true,"href":"https:\/\/japan-in-baden-wuerttemberg.de\/djg2018\/wp-json\/wp\/v2\/categories?post=3641"},{"taxonomy":"post_tag","embeddable":true,"href":"https:\/\/japan-in-baden-wuerttemberg.de\/djg2018\/wp-json\/wp\/v2\/tags?post=3641"}],"curies":[{"name":"wp","href":"https:\/\/api.w.org\/{rel}","templated":true}]}}