{"id":3107,"date":"2022-07-24T14:07:36","date_gmt":"2022-07-24T12:07:36","guid":{"rendered":"https:\/\/japan-in-baden-wuerttemberg.de\/djg2018\/?p=3107"},"modified":"2022-09-21T21:15:02","modified_gmt":"2022-09-21T19:15:02","slug":"konzert-wald-und-wasser-mit-dem-duo-fantasia","status":"publish","type":"post","link":"https:\/\/japan-in-baden-wuerttemberg.de\/djg2018\/konzert-wald-und-wasser-mit-dem-duo-fantasia\/","title":{"rendered":"Konzert \u201eWald und Wasser\u201c mit dem Duo Fantasia"},"content":{"rendered":"<p><strong><span style=\"font-size: 14pt;\">Konzert \u201eWald und Wasser\u201c mit dem Duo Fantasia<\/span><br \/>\nMit Julia Ito (Klavier) und Utum Yang (Querfl\u00f6te)<\/strong><\/p>\n<p>Das Duo Fantasia hat es sich zum Ziel gesetzt, mit Musik die Welt der Fantasie zu erkunden. Mit seinem Programm unter dem Motto \u201eWald und Wasser&#8220; m\u00f6chte es auf die Bedeutung von Natur- und Umweltschutz hinweisen. H\u00f6hepunkte dabei sind die zeitgen\u00f6ssischen Kompositionen \u201eWaldst\u00fccke\u201c und \u201eKlima Wandel\u201c von Julia Ito, die spannungsvoll die Problematik von Natur und Naturzerst\u00f6rung musikalisch zum Ausdruck bringen.<\/p>\n<p>Die beiden hochbegabten Musiker Julia Ito und Utum Yang beschreiben in einer breiten Palette von Musikst\u00fccken aus unterschiedlichen Epochen \u2013 von traditioneller japanischer Musik \u00fcber Schumann zu Carl Reinecke \u2013 die Not, in die der Klimawandel unsere nat\u00fcrlichen Ressourcen bringt, und sie wollen an uns eine musikalische Botschaft richten.<\/p>\n<p>Die Pianistin Julia Ito wurde als Tochter eines Klavierbauers und einer Pianistin in D\u00fcsseldorf geboren, wuchs in Japan auf und kehrte zum Klavierstudium an die M\u00fcnchner Hochschule f\u00fcr Musik und Theater zur\u00fcck, wo sie ihren Musikpartner an der Querfl\u00f6te, Utum Yang, kennenlernte, der auf der Insel Jeju (S\u00fcdkorea) geboren wurde. Mit 17 Jahren nahm Utum Yang sein Studium f\u00fcr Querfl\u00f6te an der Hochschule f\u00fcr Musik und Theater in M\u00fcnchen auf. 2007 erhielt er sein k\u00fcnstlerisches Diplom und 2012 seinen Master-Abschluss. Bei Wettbewerben in Korea und Europa gewann er wiederholt den 1. Preis.<\/p>\n<p><strong>Wann: Am Dienstag, 20. September 2022<\/strong><br \/>\n<strong>Beginn: Um 19 Uhr<\/strong><br \/>\n<strong>Ort: Theatersaal des Augustinums Stuttgart Killesberg,<\/strong><br \/>\n<strong>Wo: Oskar-Schlemmer-Str. 5<\/strong><br \/>\n<strong>70191 Stuttgart<\/strong><\/p>\n<p>Das Konzert findet in Kooperation mit dem Augustinum Stuttgart Killesberg statt.<br \/>\nDer Eintritt ist frei, Spenden werden erbeten.<\/p>\n","protected":false},"excerpt":{"rendered":"<p>Konzert \u201eWald und Wasser\u201c mit dem Duo Fantasia Mit Julia Ito (Klavier) und Utum Yang (Querfl\u00f6te) Das Duo Fantasia hat es sich zum Ziel gesetzt, mit Musik die Welt der [&hellip;]<\/p>\n","protected":false},"author":1,"featured_media":3056,"comment_status":"closed","ping_status":"closed","sticky":false,"template":"","format":"standard","meta":{"_et_pb_use_builder":"","_et_pb_old_content":"","_et_gb_content_width":"","footnotes":""},"categories":[9],"tags":[71,39],"class_list":["post-3107","post","type-post","status-publish","format-standard","has-post-thumbnail","hentry","category-veranstaltungs-berichte","tag-duo-fantasia","tag-konzert","et-has-post-format-content","et_post_format-et-post-format-standard"],"yoast_head":"<!-- This site is optimized with the Yoast SEO plugin v27.4 - https:\/\/yoast.com\/product\/yoast-seo-wordpress\/ -->\n<title>Konzert \u201eWald und Wasser\u201c mit dem Duo Fantasia - DJG BW | Deutsch-Japanische Gesellschaft Baden-W\u00fcrttemberg e.V.<\/title>\n<meta name=\"robots\" content=\"index, follow, max-snippet:-1, max-image-preview:large, max-video-preview:-1\" \/>\n<link rel=\"canonical\" href=\"https:\/\/japan-in-baden-wuerttemberg.de\/djg2018\/konzert-wald-und-wasser-mit-dem-duo-fantasia\/\" \/>\n<meta property=\"og:locale\" content=\"de_DE\" \/>\n<meta property=\"og:type\" content=\"article\" \/>\n<meta property=\"og:title\" content=\"Konzert \u201eWald und Wasser\u201c mit dem Duo Fantasia - DJG BW | Deutsch-Japanische Gesellschaft Baden-W\u00fcrttemberg e.V.\" \/>\n<meta property=\"og:description\" content=\"Konzert \u201eWald und Wasser\u201c mit dem Duo Fantasia Mit Julia Ito (Klavier) und Utum Yang (Querfl\u00f6te) Das Duo Fantasia hat es sich zum Ziel gesetzt, mit Musik die Welt der [&hellip;]\" \/>\n<meta property=\"og:url\" content=\"https:\/\/japan-in-baden-wuerttemberg.de\/djg2018\/konzert-wald-und-wasser-mit-dem-duo-fantasia\/\" \/>\n<meta property=\"og:site_name\" content=\"DJG BW | Deutsch-Japanische Gesellschaft Baden-W\u00fcrttemberg e.V.\" \/>\n<meta property=\"article:published_time\" content=\"2022-07-24T12:07:36+00:00\" \/>\n<meta property=\"article:modified_time\" content=\"2022-09-21T19:15:02+00:00\" \/>\n<meta property=\"og:image\" content=\"https:\/\/japan-in-baden-wuerttemberg.de\/djg2018\/wp-content\/uploads\/2022\/07\/DuoFantasia_2022_web.jpg\" \/>\n\t<meta property=\"og:image:width\" content=\"1400\" \/>\n\t<meta property=\"og:image:height\" content=\"933\" \/>\n\t<meta property=\"og:image:type\" content=\"image\/jpeg\" \/>\n<meta name=\"author\" content=\"Redaktion\" \/>\n<meta name=\"twitter:card\" content=\"summary_large_image\" \/>\n<meta name=\"twitter:label1\" content=\"Verfasst von\" \/>\n\t<meta name=\"twitter:data1\" content=\"Redaktion\" \/>\n\t<meta name=\"twitter:label2\" content=\"Gesch\u00e4tzte Lesezeit\" \/>\n\t<meta name=\"twitter:data2\" content=\"2\u00a0Minuten\" \/>\n<script type=\"application\/ld+json\" class=\"yoast-schema-graph\">{\"@context\":\"https:\\\/\\\/schema.org\",\"@graph\":[{\"@type\":\"Article\",\"@id\":\"https:\\\/\\\/japan-in-baden-wuerttemberg.de\\\/djg2018\\\/konzert-wald-und-wasser-mit-dem-duo-fantasia\\\/#article\",\"isPartOf\":{\"@id\":\"https:\\\/\\\/japan-in-baden-wuerttemberg.de\\\/djg2018\\\/konzert-wald-und-wasser-mit-dem-duo-fantasia\\\/\"},\"author\":{\"name\":\"Redaktion\",\"@id\":\"https:\\\/\\\/japan-in-baden-wuerttemberg.de\\\/djg2018\\\/#\\\/schema\\\/person\\\/d5ba61c63aeb9f885125e6fae0a8b20c\"},\"headline\":\"Konzert \u201eWald und Wasser\u201c mit dem Duo Fantasia\",\"datePublished\":\"2022-07-24T12:07:36+00:00\",\"dateModified\":\"2022-09-21T19:15:02+00:00\",\"mainEntityOfPage\":{\"@id\":\"https:\\\/\\\/japan-in-baden-wuerttemberg.de\\\/djg2018\\\/konzert-wald-und-wasser-mit-dem-duo-fantasia\\\/\"},\"wordCount\":273,\"publisher\":{\"@id\":\"https:\\\/\\\/japan-in-baden-wuerttemberg.de\\\/djg2018\\\/#organization\"},\"image\":{\"@id\":\"https:\\\/\\\/japan-in-baden-wuerttemberg.de\\\/djg2018\\\/konzert-wald-und-wasser-mit-dem-duo-fantasia\\\/#primaryimage\"},\"thumbnailUrl\":\"https:\\\/\\\/japan-in-baden-wuerttemberg.de\\\/djg2018\\\/wp-content\\\/uploads\\\/2022\\\/07\\\/DuoFantasia_2022_web.jpg\",\"keywords\":[\"DUO FANTASIA\",\"konzert\"],\"articleSection\":[\"Veranstaltungs-Berichte\"],\"inLanguage\":\"de\"},{\"@type\":\"WebPage\",\"@id\":\"https:\\\/\\\/japan-in-baden-wuerttemberg.de\\\/djg2018\\\/konzert-wald-und-wasser-mit-dem-duo-fantasia\\\/\",\"url\":\"https:\\\/\\\/japan-in-baden-wuerttemberg.de\\\/djg2018\\\/konzert-wald-und-wasser-mit-dem-duo-fantasia\\\/\",\"name\":\"Konzert \u201eWald und Wasser\u201c mit dem Duo Fantasia - DJG BW | Deutsch-Japanische Gesellschaft Baden-W\u00fcrttemberg e.V.\",\"isPartOf\":{\"@id\":\"https:\\\/\\\/japan-in-baden-wuerttemberg.de\\\/djg2018\\\/#website\"},\"primaryImageOfPage\":{\"@id\":\"https:\\\/\\\/japan-in-baden-wuerttemberg.de\\\/djg2018\\\/konzert-wald-und-wasser-mit-dem-duo-fantasia\\\/#primaryimage\"},\"image\":{\"@id\":\"https:\\\/\\\/japan-in-baden-wuerttemberg.de\\\/djg2018\\\/konzert-wald-und-wasser-mit-dem-duo-fantasia\\\/#primaryimage\"},\"thumbnailUrl\":\"https:\\\/\\\/japan-in-baden-wuerttemberg.de\\\/djg2018\\\/wp-content\\\/uploads\\\/2022\\\/07\\\/DuoFantasia_2022_web.jpg\",\"datePublished\":\"2022-07-24T12:07:36+00:00\",\"dateModified\":\"2022-09-21T19:15:02+00:00\",\"breadcrumb\":{\"@id\":\"https:\\\/\\\/japan-in-baden-wuerttemberg.de\\\/djg2018\\\/konzert-wald-und-wasser-mit-dem-duo-fantasia\\\/#breadcrumb\"},\"inLanguage\":\"de\",\"potentialAction\":[{\"@type\":\"ReadAction\",\"target\":[\"https:\\\/\\\/japan-in-baden-wuerttemberg.de\\\/djg2018\\\/konzert-wald-und-wasser-mit-dem-duo-fantasia\\\/\"]}]},{\"@type\":\"ImageObject\",\"inLanguage\":\"de\",\"@id\":\"https:\\\/\\\/japan-in-baden-wuerttemberg.de\\\/djg2018\\\/konzert-wald-und-wasser-mit-dem-duo-fantasia\\\/#primaryimage\",\"url\":\"https:\\\/\\\/japan-in-baden-wuerttemberg.de\\\/djg2018\\\/wp-content\\\/uploads\\\/2022\\\/07\\\/DuoFantasia_2022_web.jpg\",\"contentUrl\":\"https:\\\/\\\/japan-in-baden-wuerttemberg.de\\\/djg2018\\\/wp-content\\\/uploads\\\/2022\\\/07\\\/DuoFantasia_2022_web.jpg\",\"width\":1400,\"height\":933,\"caption\":\"Duo Fantasia\"},{\"@type\":\"BreadcrumbList\",\"@id\":\"https:\\\/\\\/japan-in-baden-wuerttemberg.de\\\/djg2018\\\/konzert-wald-und-wasser-mit-dem-duo-fantasia\\\/#breadcrumb\",\"itemListElement\":[{\"@type\":\"ListItem\",\"position\":1,\"name\":\"Startseite\",\"item\":\"https:\\\/\\\/japan-in-baden-wuerttemberg.de\\\/djg2018\\\/\"},{\"@type\":\"ListItem\",\"position\":2,\"name\":\"Konzert \u201eWald und Wasser\u201c mit dem Duo Fantasia\"}]},{\"@type\":\"WebSite\",\"@id\":\"https:\\\/\\\/japan-in-baden-wuerttemberg.de\\\/djg2018\\\/#website\",\"url\":\"https:\\\/\\\/japan-in-baden-wuerttemberg.de\\\/djg2018\\\/\",\"name\":\"DJG BW | Deutsch-Japanische Gesellschaft Baden-W\u00fcrttemberg e.V.\",\"description\":\"\",\"publisher\":{\"@id\":\"https:\\\/\\\/japan-in-baden-wuerttemberg.de\\\/djg2018\\\/#organization\"},\"potentialAction\":[{\"@type\":\"SearchAction\",\"target\":{\"@type\":\"EntryPoint\",\"urlTemplate\":\"https:\\\/\\\/japan-in-baden-wuerttemberg.de\\\/djg2018\\\/?s={search_term_string}\"},\"query-input\":{\"@type\":\"PropertyValueSpecification\",\"valueRequired\":true,\"valueName\":\"search_term_string\"}}],\"inLanguage\":\"de\"},{\"@type\":\"Organization\",\"@id\":\"https:\\\/\\\/japan-in-baden-wuerttemberg.de\\\/djg2018\\\/#organization\",\"name\":\"Deutsch-Japanische Gesellschaft Baden-W\u00fcrttemberg e.V.\",\"url\":\"https:\\\/\\\/japan-in-baden-wuerttemberg.de\\\/djg2018\\\/\",\"logo\":{\"@type\":\"ImageObject\",\"inLanguage\":\"de\",\"@id\":\"https:\\\/\\\/japan-in-baden-wuerttemberg.de\\\/djg2018\\\/#\\\/schema\\\/logo\\\/image\\\/\",\"url\":\"https:\\\/\\\/japan-in-baden-wuerttemberg.de\\\/djg2018\\\/wp-content\\\/uploads\\\/2018\\\/12\\\/djg_bw_logo2.jpg\",\"contentUrl\":\"https:\\\/\\\/japan-in-baden-wuerttemberg.de\\\/djg2018\\\/wp-content\\\/uploads\\\/2018\\\/12\\\/djg_bw_logo2.jpg\",\"width\":708,\"height\":200,\"caption\":\"Deutsch-Japanische Gesellschaft Baden-W\u00fcrttemberg e.V.\"},\"image\":{\"@id\":\"https:\\\/\\\/japan-in-baden-wuerttemberg.de\\\/djg2018\\\/#\\\/schema\\\/logo\\\/image\\\/\"}},{\"@type\":\"Person\",\"@id\":\"https:\\\/\\\/japan-in-baden-wuerttemberg.de\\\/djg2018\\\/#\\\/schema\\\/person\\\/d5ba61c63aeb9f885125e6fae0a8b20c\",\"name\":\"Redaktion\",\"image\":{\"@type\":\"ImageObject\",\"inLanguage\":\"de\",\"@id\":\"https:\\\/\\\/japan-in-baden-wuerttemberg.de\\\/djg2018\\\/wp-content\\\/wphb-cache\\\/gravatar\\\/5cb\\\/5cb9854e344676cae1832d3b7566e6f1x96.jpg\",\"url\":\"https:\\\/\\\/japan-in-baden-wuerttemberg.de\\\/djg2018\\\/wp-content\\\/wphb-cache\\\/gravatar\\\/5cb\\\/5cb9854e344676cae1832d3b7566e6f1x96.jpg\",\"contentUrl\":\"https:\\\/\\\/japan-in-baden-wuerttemberg.de\\\/djg2018\\\/wp-content\\\/wphb-cache\\\/gravatar\\\/5cb\\\/5cb9854e344676cae1832d3b7566e6f1x96.jpg\",\"caption\":\"Redaktion\"},\"url\":\"https:\\\/\\\/japan-in-baden-wuerttemberg.de\\\/djg2018\\\/author\\\/david\\\/\"}]}<\/script>\n<!-- \/ Yoast SEO plugin. -->","yoast_head_json":{"title":"Konzert \u201eWald und Wasser\u201c mit dem Duo Fantasia - DJG BW | Deutsch-Japanische Gesellschaft Baden-W\u00fcrttemberg e.V.","robots":{"index":"index","follow":"follow","max-snippet":"max-snippet:-1","max-image-preview":"max-image-preview:large","max-video-preview":"max-video-preview:-1"},"canonical":"https:\/\/japan-in-baden-wuerttemberg.de\/djg2018\/konzert-wald-und-wasser-mit-dem-duo-fantasia\/","og_locale":"de_DE","og_type":"article","og_title":"Konzert \u201eWald und Wasser\u201c mit dem Duo Fantasia - DJG BW | Deutsch-Japanische Gesellschaft Baden-W\u00fcrttemberg e.V.","og_description":"Konzert \u201eWald und Wasser\u201c mit dem Duo Fantasia Mit Julia Ito (Klavier) und Utum Yang (Querfl\u00f6te) Das Duo Fantasia hat es sich zum Ziel gesetzt, mit Musik die Welt der [&hellip;]","og_url":"https:\/\/japan-in-baden-wuerttemberg.de\/djg2018\/konzert-wald-und-wasser-mit-dem-duo-fantasia\/","og_site_name":"DJG BW | Deutsch-Japanische Gesellschaft Baden-W\u00fcrttemberg e.V.","article_published_time":"2022-07-24T12:07:36+00:00","article_modified_time":"2022-09-21T19:15:02+00:00","og_image":[{"width":1400,"height":933,"url":"https:\/\/japan-in-baden-wuerttemberg.de\/djg2018\/wp-content\/uploads\/2022\/07\/DuoFantasia_2022_web.jpg","type":"image\/jpeg"}],"author":"Redaktion","twitter_card":"summary_large_image","twitter_misc":{"Verfasst von":"Redaktion","Gesch\u00e4tzte Lesezeit":"2\u00a0Minuten"},"schema":{"@context":"https:\/\/schema.org","@graph":[{"@type":"Article","@id":"https:\/\/japan-in-baden-wuerttemberg.de\/djg2018\/konzert-wald-und-wasser-mit-dem-duo-fantasia\/#article","isPartOf":{"@id":"https:\/\/japan-in-baden-wuerttemberg.de\/djg2018\/konzert-wald-und-wasser-mit-dem-duo-fantasia\/"},"author":{"name":"Redaktion","@id":"https:\/\/japan-in-baden-wuerttemberg.de\/djg2018\/#\/schema\/person\/d5ba61c63aeb9f885125e6fae0a8b20c"},"headline":"Konzert \u201eWald und Wasser\u201c mit dem Duo Fantasia","datePublished":"2022-07-24T12:07:36+00:00","dateModified":"2022-09-21T19:15:02+00:00","mainEntityOfPage":{"@id":"https:\/\/japan-in-baden-wuerttemberg.de\/djg2018\/konzert-wald-und-wasser-mit-dem-duo-fantasia\/"},"wordCount":273,"publisher":{"@id":"https:\/\/japan-in-baden-wuerttemberg.de\/djg2018\/#organization"},"image":{"@id":"https:\/\/japan-in-baden-wuerttemberg.de\/djg2018\/konzert-wald-und-wasser-mit-dem-duo-fantasia\/#primaryimage"},"thumbnailUrl":"https:\/\/japan-in-baden-wuerttemberg.de\/djg2018\/wp-content\/uploads\/2022\/07\/DuoFantasia_2022_web.jpg","keywords":["DUO FANTASIA","konzert"],"articleSection":["Veranstaltungs-Berichte"],"inLanguage":"de"},{"@type":"WebPage","@id":"https:\/\/japan-in-baden-wuerttemberg.de\/djg2018\/konzert-wald-und-wasser-mit-dem-duo-fantasia\/","url":"https:\/\/japan-in-baden-wuerttemberg.de\/djg2018\/konzert-wald-und-wasser-mit-dem-duo-fantasia\/","name":"Konzert \u201eWald und Wasser\u201c mit dem Duo Fantasia - DJG BW | Deutsch-Japanische Gesellschaft Baden-W\u00fcrttemberg e.V.","isPartOf":{"@id":"https:\/\/japan-in-baden-wuerttemberg.de\/djg2018\/#website"},"primaryImageOfPage":{"@id":"https:\/\/japan-in-baden-wuerttemberg.de\/djg2018\/konzert-wald-und-wasser-mit-dem-duo-fantasia\/#primaryimage"},"image":{"@id":"https:\/\/japan-in-baden-wuerttemberg.de\/djg2018\/konzert-wald-und-wasser-mit-dem-duo-fantasia\/#primaryimage"},"thumbnailUrl":"https:\/\/japan-in-baden-wuerttemberg.de\/djg2018\/wp-content\/uploads\/2022\/07\/DuoFantasia_2022_web.jpg","datePublished":"2022-07-24T12:07:36+00:00","dateModified":"2022-09-21T19:15:02+00:00","breadcrumb":{"@id":"https:\/\/japan-in-baden-wuerttemberg.de\/djg2018\/konzert-wald-und-wasser-mit-dem-duo-fantasia\/#breadcrumb"},"inLanguage":"de","potentialAction":[{"@type":"ReadAction","target":["https:\/\/japan-in-baden-wuerttemberg.de\/djg2018\/konzert-wald-und-wasser-mit-dem-duo-fantasia\/"]}]},{"@type":"ImageObject","inLanguage":"de","@id":"https:\/\/japan-in-baden-wuerttemberg.de\/djg2018\/konzert-wald-und-wasser-mit-dem-duo-fantasia\/#primaryimage","url":"https:\/\/japan-in-baden-wuerttemberg.de\/djg2018\/wp-content\/uploads\/2022\/07\/DuoFantasia_2022_web.jpg","contentUrl":"https:\/\/japan-in-baden-wuerttemberg.de\/djg2018\/wp-content\/uploads\/2022\/07\/DuoFantasia_2022_web.jpg","width":1400,"height":933,"caption":"Duo Fantasia"},{"@type":"BreadcrumbList","@id":"https:\/\/japan-in-baden-wuerttemberg.de\/djg2018\/konzert-wald-und-wasser-mit-dem-duo-fantasia\/#breadcrumb","itemListElement":[{"@type":"ListItem","position":1,"name":"Startseite","item":"https:\/\/japan-in-baden-wuerttemberg.de\/djg2018\/"},{"@type":"ListItem","position":2,"name":"Konzert \u201eWald und Wasser\u201c mit dem Duo Fantasia"}]},{"@type":"WebSite","@id":"https:\/\/japan-in-baden-wuerttemberg.de\/djg2018\/#website","url":"https:\/\/japan-in-baden-wuerttemberg.de\/djg2018\/","name":"DJG BW | Deutsch-Japanische Gesellschaft Baden-W\u00fcrttemberg e.V.","description":"","publisher":{"@id":"https:\/\/japan-in-baden-wuerttemberg.de\/djg2018\/#organization"},"potentialAction":[{"@type":"SearchAction","target":{"@type":"EntryPoint","urlTemplate":"https:\/\/japan-in-baden-wuerttemberg.de\/djg2018\/?s={search_term_string}"},"query-input":{"@type":"PropertyValueSpecification","valueRequired":true,"valueName":"search_term_string"}}],"inLanguage":"de"},{"@type":"Organization","@id":"https:\/\/japan-in-baden-wuerttemberg.de\/djg2018\/#organization","name":"Deutsch-Japanische Gesellschaft Baden-W\u00fcrttemberg e.V.","url":"https:\/\/japan-in-baden-wuerttemberg.de\/djg2018\/","logo":{"@type":"ImageObject","inLanguage":"de","@id":"https:\/\/japan-in-baden-wuerttemberg.de\/djg2018\/#\/schema\/logo\/image\/","url":"https:\/\/japan-in-baden-wuerttemberg.de\/djg2018\/wp-content\/uploads\/2018\/12\/djg_bw_logo2.jpg","contentUrl":"https:\/\/japan-in-baden-wuerttemberg.de\/djg2018\/wp-content\/uploads\/2018\/12\/djg_bw_logo2.jpg","width":708,"height":200,"caption":"Deutsch-Japanische Gesellschaft Baden-W\u00fcrttemberg e.V."},"image":{"@id":"https:\/\/japan-in-baden-wuerttemberg.de\/djg2018\/#\/schema\/logo\/image\/"}},{"@type":"Person","@id":"https:\/\/japan-in-baden-wuerttemberg.de\/djg2018\/#\/schema\/person\/d5ba61c63aeb9f885125e6fae0a8b20c","name":"Redaktion","image":{"@type":"ImageObject","inLanguage":"de","@id":"https:\/\/japan-in-baden-wuerttemberg.de\/djg2018\/wp-content\/wphb-cache\/gravatar\/5cb\/5cb9854e344676cae1832d3b7566e6f1x96.jpg","url":"https:\/\/japan-in-baden-wuerttemberg.de\/djg2018\/wp-content\/wphb-cache\/gravatar\/5cb\/5cb9854e344676cae1832d3b7566e6f1x96.jpg","contentUrl":"https:\/\/japan-in-baden-wuerttemberg.de\/djg2018\/wp-content\/wphb-cache\/gravatar\/5cb\/5cb9854e344676cae1832d3b7566e6f1x96.jpg","caption":"Redaktion"},"url":"https:\/\/japan-in-baden-wuerttemberg.de\/djg2018\/author\/david\/"}]}},"_links":{"self":[{"href":"https:\/\/japan-in-baden-wuerttemberg.de\/djg2018\/wp-json\/wp\/v2\/posts\/3107","targetHints":{"allow":["GET"]}}],"collection":[{"href":"https:\/\/japan-in-baden-wuerttemberg.de\/djg2018\/wp-json\/wp\/v2\/posts"}],"about":[{"href":"https:\/\/japan-in-baden-wuerttemberg.de\/djg2018\/wp-json\/wp\/v2\/types\/post"}],"author":[{"embeddable":true,"href":"https:\/\/japan-in-baden-wuerttemberg.de\/djg2018\/wp-json\/wp\/v2\/users\/1"}],"replies":[{"embeddable":true,"href":"https:\/\/japan-in-baden-wuerttemberg.de\/djg2018\/wp-json\/wp\/v2\/comments?post=3107"}],"version-history":[{"count":0,"href":"https:\/\/japan-in-baden-wuerttemberg.de\/djg2018\/wp-json\/wp\/v2\/posts\/3107\/revisions"}],"wp:featuredmedia":[{"embeddable":true,"href":"https:\/\/japan-in-baden-wuerttemberg.de\/djg2018\/wp-json\/wp\/v2\/media\/3056"}],"wp:attachment":[{"href":"https:\/\/japan-in-baden-wuerttemberg.de\/djg2018\/wp-json\/wp\/v2\/media?parent=3107"}],"wp:term":[{"taxonomy":"category","embeddable":true,"href":"https:\/\/japan-in-baden-wuerttemberg.de\/djg2018\/wp-json\/wp\/v2\/categories?post=3107"},{"taxonomy":"post_tag","embeddable":true,"href":"https:\/\/japan-in-baden-wuerttemberg.de\/djg2018\/wp-json\/wp\/v2\/tags?post=3107"}],"curies":[{"name":"wp","href":"https:\/\/api.w.org\/{rel}","templated":true}]}}