{"id":3059,"date":"2022-07-25T10:43:16","date_gmt":"2022-07-25T08:43:16","guid":{"rendered":"https:\/\/japan-in-baden-wuerttemberg.de\/djg2018\/?p=3059"},"modified":"2022-09-21T21:15:09","modified_gmt":"2022-09-21T19:15:09","slug":"kawanabe-kyosai-japanischer-kuenstler-zwischen-den-zeiten","status":"publish","type":"post","link":"https:\/\/japan-in-baden-wuerttemberg.de\/djg2018\/kawanabe-kyosai-japanischer-kuenstler-zwischen-den-zeiten\/","title":{"rendered":"Kawanabe Ky\u014dsai, japanischer K\u00fcnstler zwischen den Zeiten"},"content":{"rendered":"<div id=\"attachment_3057\" style=\"width: 223px\" class=\"wp-caption alignleft\"><a href=\"https:\/\/stadtmuseum.bietigheim-bissingen.de\/fileadmin\/user_upload\/hornmoldhaus\/veranstaltungen\/22.3_Flyer_Kyosai.pdf\" target=\"_blank\" rel=\"noopener\"><img loading=\"lazy\" decoding=\"async\" aria-describedby=\"caption-attachment-3057\" class=\"wp-image-3057 size-medium\" src=\"https:\/\/japan-in-baden-wuerttemberg.de\/djg2018\/wp-content\/uploads\/2022\/07\/d24cd06797-213x300.jpg\" alt=\"\" width=\"213\" height=\"300\" srcset=\"https:\/\/japan-in-baden-wuerttemberg.de\/djg2018\/wp-content\/uploads\/2022\/07\/d24cd06797-213x300.jpg 213w, https:\/\/japan-in-baden-wuerttemberg.de\/djg2018\/wp-content\/uploads\/2022\/07\/d24cd06797.jpg 425w\" sizes=\"(max-width: 213px) 100vw, 213px\" \/><\/a><p id=\"caption-attachment-3057\" class=\"wp-caption-text\">Auf Bild klicken, um Flyer zu \u00f6ffnen<\/p><\/div>\n<p>Die Sonderausstellung \u201eKawanabe Ky\u014dsai, japanischer K\u00fcnstler zwischen den Zeiten\u201c mit Holzschnitten aus der Sammlung G\u00fcnter Beck ist <strong>bis zum 18. September 2022<\/strong> im <strong>Stadtmuseum Hornmoldhaus in Bietigheim-Bissingen<\/strong> zu sehen, der<strong> Eintritt zur Ausstellung ist kostenlos.<\/strong><\/p>\n<p>Kawanabe Ky\u014dsai (1831-1889) war der von Erwin von Baelz (1849-1913) am meisten gesch\u00e4tzte zeitgen\u00f6ssische japanische K\u00fcnstler, dessen artistische Pinselkunst ihn immer wieder faszinierte.<\/p>\n<p>Deshalb lassen sich in seiner Privatsammlung zahlreiche Werke dieses Ausnahmek\u00fcnstlers finden. Die Holzschnitte aus der Sammlung G\u00fcnter Beck erg\u00e4nzen das malerische Werk und zeigen Kawanabe Ky\u014dsai als kritischen und humorvollen Zeitgeist des sich modernisierenden Japans des ausgehenden 19. Jahrhunderts. Teile der Baelz&#8217;schen Privatsammlung befinden sich heute im Besitz des Stadtmuseums Hornmoldhaus.<\/p>\n<p>Hier vorab ein Eindruck von den Malereien dieses K\u00fcnstlers <a class=\"moz-txt-link-freetext\" href=\"https:\/\/ausstellungen.deutsche-digitale-bibliothek.de\/kyosai-baelz-hornmoldhaus\/\">https:\/\/ausstellungen.deutsche-digitale-bibliothek.de\/kyosai-baelz-hornmoldhaus\/<\/a><\/p>\n","protected":false},"excerpt":{"rendered":"<p>Die Sonderausstellung \u201eKawanabe Ky\u014dsai, japanischer K\u00fcnstler zwischen den Zeiten\u201c mit Holzschnitten aus der Sammlung G\u00fcnter Beck ist bis zum 18. September 2022 im Stadtmuseum Hornmoldhaus in Bietigheim-Bissingen zu sehen, der [&hellip;]<\/p>\n","protected":false},"author":1,"featured_media":3060,"comment_status":"closed","ping_status":"closed","sticky":false,"template":"","format":"standard","meta":{"_et_pb_use_builder":"","_et_pb_old_content":"","_et_gb_content_width":"","footnotes":""},"categories":[9],"tags":[],"class_list":["post-3059","post","type-post","status-publish","format-standard","has-post-thumbnail","hentry","category-veranstaltungs-berichte","et-has-post-format-content","et_post_format-et-post-format-standard"],"yoast_head":"<!-- This site is optimized with the Yoast SEO plugin v27.4 - https:\/\/yoast.com\/product\/yoast-seo-wordpress\/ -->\n<title>Kawanabe Ky\u014dsai, japanischer K\u00fcnstler zwischen den Zeiten - DJG BW | Deutsch-Japanische Gesellschaft Baden-W\u00fcrttemberg e.V.<\/title>\n<meta name=\"robots\" content=\"index, follow, max-snippet:-1, max-image-preview:large, max-video-preview:-1\" \/>\n<link rel=\"canonical\" href=\"https:\/\/japan-in-baden-wuerttemberg.de\/djg2018\/kawanabe-kyosai-japanischer-kuenstler-zwischen-den-zeiten\/\" \/>\n<meta property=\"og:locale\" content=\"de_DE\" \/>\n<meta property=\"og:type\" content=\"article\" \/>\n<meta property=\"og:title\" content=\"Kawanabe Ky\u014dsai, japanischer K\u00fcnstler zwischen den Zeiten - DJG BW | Deutsch-Japanische Gesellschaft Baden-W\u00fcrttemberg e.V.\" \/>\n<meta property=\"og:description\" content=\"Die Sonderausstellung \u201eKawanabe Ky\u014dsai, japanischer K\u00fcnstler zwischen den Zeiten\u201c mit Holzschnitten aus der Sammlung G\u00fcnter Beck ist bis zum 18. September 2022 im Stadtmuseum Hornmoldhaus in Bietigheim-Bissingen zu sehen, der [&hellip;]\" \/>\n<meta property=\"og:url\" content=\"https:\/\/japan-in-baden-wuerttemberg.de\/djg2018\/kawanabe-kyosai-japanischer-kuenstler-zwischen-den-zeiten\/\" \/>\n<meta property=\"og:site_name\" content=\"DJG BW | Deutsch-Japanische Gesellschaft Baden-W\u00fcrttemberg e.V.\" \/>\n<meta property=\"article:published_time\" content=\"2022-07-25T08:43:16+00:00\" \/>\n<meta property=\"article:modified_time\" content=\"2022-09-21T19:15:09+00:00\" \/>\n<meta property=\"og:image\" content=\"https:\/\/japan-in-baden-wuerttemberg.de\/djg2018\/wp-content\/uploads\/2022\/07\/Screenshot-2022-07-25-102912.png\" \/>\n\t<meta property=\"og:image:width\" content=\"908\" \/>\n\t<meta property=\"og:image:height\" content=\"668\" \/>\n\t<meta property=\"og:image:type\" content=\"image\/png\" \/>\n<meta name=\"author\" content=\"Redaktion\" \/>\n<meta name=\"twitter:card\" content=\"summary_large_image\" \/>\n<meta name=\"twitter:label1\" content=\"Verfasst von\" \/>\n\t<meta name=\"twitter:data1\" content=\"Redaktion\" \/>\n\t<meta name=\"twitter:label2\" content=\"Gesch\u00e4tzte Lesezeit\" \/>\n\t<meta name=\"twitter:data2\" content=\"1\u00a0Minute\" \/>\n<script type=\"application\/ld+json\" class=\"yoast-schema-graph\">{\"@context\":\"https:\\\/\\\/schema.org\",\"@graph\":[{\"@type\":\"Article\",\"@id\":\"https:\\\/\\\/japan-in-baden-wuerttemberg.de\\\/djg2018\\\/kawanabe-kyosai-japanischer-kuenstler-zwischen-den-zeiten\\\/#article\",\"isPartOf\":{\"@id\":\"https:\\\/\\\/japan-in-baden-wuerttemberg.de\\\/djg2018\\\/kawanabe-kyosai-japanischer-kuenstler-zwischen-den-zeiten\\\/\"},\"author\":{\"name\":\"Redaktion\",\"@id\":\"https:\\\/\\\/japan-in-baden-wuerttemberg.de\\\/djg2018\\\/#\\\/schema\\\/person\\\/d5ba61c63aeb9f885125e6fae0a8b20c\"},\"headline\":\"Kawanabe Ky\u014dsai, japanischer K\u00fcnstler zwischen den Zeiten\",\"datePublished\":\"2022-07-25T08:43:16+00:00\",\"dateModified\":\"2022-09-21T19:15:09+00:00\",\"mainEntityOfPage\":{\"@id\":\"https:\\\/\\\/japan-in-baden-wuerttemberg.de\\\/djg2018\\\/kawanabe-kyosai-japanischer-kuenstler-zwischen-den-zeiten\\\/\"},\"wordCount\":156,\"publisher\":{\"@id\":\"https:\\\/\\\/japan-in-baden-wuerttemberg.de\\\/djg2018\\\/#organization\"},\"image\":{\"@id\":\"https:\\\/\\\/japan-in-baden-wuerttemberg.de\\\/djg2018\\\/kawanabe-kyosai-japanischer-kuenstler-zwischen-den-zeiten\\\/#primaryimage\"},\"thumbnailUrl\":\"https:\\\/\\\/japan-in-baden-wuerttemberg.de\\\/djg2018\\\/wp-content\\\/uploads\\\/2022\\\/07\\\/Screenshot-2022-07-25-102912.png\",\"articleSection\":[\"Veranstaltungs-Berichte\"],\"inLanguage\":\"de\"},{\"@type\":\"WebPage\",\"@id\":\"https:\\\/\\\/japan-in-baden-wuerttemberg.de\\\/djg2018\\\/kawanabe-kyosai-japanischer-kuenstler-zwischen-den-zeiten\\\/\",\"url\":\"https:\\\/\\\/japan-in-baden-wuerttemberg.de\\\/djg2018\\\/kawanabe-kyosai-japanischer-kuenstler-zwischen-den-zeiten\\\/\",\"name\":\"Kawanabe Ky\u014dsai, japanischer K\u00fcnstler zwischen den Zeiten - DJG BW | Deutsch-Japanische Gesellschaft Baden-W\u00fcrttemberg e.V.\",\"isPartOf\":{\"@id\":\"https:\\\/\\\/japan-in-baden-wuerttemberg.de\\\/djg2018\\\/#website\"},\"primaryImageOfPage\":{\"@id\":\"https:\\\/\\\/japan-in-baden-wuerttemberg.de\\\/djg2018\\\/kawanabe-kyosai-japanischer-kuenstler-zwischen-den-zeiten\\\/#primaryimage\"},\"image\":{\"@id\":\"https:\\\/\\\/japan-in-baden-wuerttemberg.de\\\/djg2018\\\/kawanabe-kyosai-japanischer-kuenstler-zwischen-den-zeiten\\\/#primaryimage\"},\"thumbnailUrl\":\"https:\\\/\\\/japan-in-baden-wuerttemberg.de\\\/djg2018\\\/wp-content\\\/uploads\\\/2022\\\/07\\\/Screenshot-2022-07-25-102912.png\",\"datePublished\":\"2022-07-25T08:43:16+00:00\",\"dateModified\":\"2022-09-21T19:15:09+00:00\",\"breadcrumb\":{\"@id\":\"https:\\\/\\\/japan-in-baden-wuerttemberg.de\\\/djg2018\\\/kawanabe-kyosai-japanischer-kuenstler-zwischen-den-zeiten\\\/#breadcrumb\"},\"inLanguage\":\"de\",\"potentialAction\":[{\"@type\":\"ReadAction\",\"target\":[\"https:\\\/\\\/japan-in-baden-wuerttemberg.de\\\/djg2018\\\/kawanabe-kyosai-japanischer-kuenstler-zwischen-den-zeiten\\\/\"]}]},{\"@type\":\"ImageObject\",\"inLanguage\":\"de\",\"@id\":\"https:\\\/\\\/japan-in-baden-wuerttemberg.de\\\/djg2018\\\/kawanabe-kyosai-japanischer-kuenstler-zwischen-den-zeiten\\\/#primaryimage\",\"url\":\"https:\\\/\\\/japan-in-baden-wuerttemberg.de\\\/djg2018\\\/wp-content\\\/uploads\\\/2022\\\/07\\\/Screenshot-2022-07-25-102912.png\",\"contentUrl\":\"https:\\\/\\\/japan-in-baden-wuerttemberg.de\\\/djg2018\\\/wp-content\\\/uploads\\\/2022\\\/07\\\/Screenshot-2022-07-25-102912.png\",\"width\":908,\"height\":668},{\"@type\":\"BreadcrumbList\",\"@id\":\"https:\\\/\\\/japan-in-baden-wuerttemberg.de\\\/djg2018\\\/kawanabe-kyosai-japanischer-kuenstler-zwischen-den-zeiten\\\/#breadcrumb\",\"itemListElement\":[{\"@type\":\"ListItem\",\"position\":1,\"name\":\"Startseite\",\"item\":\"https:\\\/\\\/japan-in-baden-wuerttemberg.de\\\/djg2018\\\/\"},{\"@type\":\"ListItem\",\"position\":2,\"name\":\"Kawanabe Ky\u014dsai, japanischer K\u00fcnstler zwischen den Zeiten\"}]},{\"@type\":\"WebSite\",\"@id\":\"https:\\\/\\\/japan-in-baden-wuerttemberg.de\\\/djg2018\\\/#website\",\"url\":\"https:\\\/\\\/japan-in-baden-wuerttemberg.de\\\/djg2018\\\/\",\"name\":\"DJG BW | Deutsch-Japanische Gesellschaft Baden-W\u00fcrttemberg e.V.\",\"description\":\"\",\"publisher\":{\"@id\":\"https:\\\/\\\/japan-in-baden-wuerttemberg.de\\\/djg2018\\\/#organization\"},\"potentialAction\":[{\"@type\":\"SearchAction\",\"target\":{\"@type\":\"EntryPoint\",\"urlTemplate\":\"https:\\\/\\\/japan-in-baden-wuerttemberg.de\\\/djg2018\\\/?s={search_term_string}\"},\"query-input\":{\"@type\":\"PropertyValueSpecification\",\"valueRequired\":true,\"valueName\":\"search_term_string\"}}],\"inLanguage\":\"de\"},{\"@type\":\"Organization\",\"@id\":\"https:\\\/\\\/japan-in-baden-wuerttemberg.de\\\/djg2018\\\/#organization\",\"name\":\"Deutsch-Japanische Gesellschaft Baden-W\u00fcrttemberg e.V.\",\"url\":\"https:\\\/\\\/japan-in-baden-wuerttemberg.de\\\/djg2018\\\/\",\"logo\":{\"@type\":\"ImageObject\",\"inLanguage\":\"de\",\"@id\":\"https:\\\/\\\/japan-in-baden-wuerttemberg.de\\\/djg2018\\\/#\\\/schema\\\/logo\\\/image\\\/\",\"url\":\"https:\\\/\\\/japan-in-baden-wuerttemberg.de\\\/djg2018\\\/wp-content\\\/uploads\\\/2018\\\/12\\\/djg_bw_logo2.jpg\",\"contentUrl\":\"https:\\\/\\\/japan-in-baden-wuerttemberg.de\\\/djg2018\\\/wp-content\\\/uploads\\\/2018\\\/12\\\/djg_bw_logo2.jpg\",\"width\":708,\"height\":200,\"caption\":\"Deutsch-Japanische Gesellschaft Baden-W\u00fcrttemberg e.V.\"},\"image\":{\"@id\":\"https:\\\/\\\/japan-in-baden-wuerttemberg.de\\\/djg2018\\\/#\\\/schema\\\/logo\\\/image\\\/\"}},{\"@type\":\"Person\",\"@id\":\"https:\\\/\\\/japan-in-baden-wuerttemberg.de\\\/djg2018\\\/#\\\/schema\\\/person\\\/d5ba61c63aeb9f885125e6fae0a8b20c\",\"name\":\"Redaktion\",\"image\":{\"@type\":\"ImageObject\",\"inLanguage\":\"de\",\"@id\":\"https:\\\/\\\/japan-in-baden-wuerttemberg.de\\\/djg2018\\\/wp-content\\\/wphb-cache\\\/gravatar\\\/5cb\\\/5cb9854e344676cae1832d3b7566e6f1x96.jpg\",\"url\":\"https:\\\/\\\/japan-in-baden-wuerttemberg.de\\\/djg2018\\\/wp-content\\\/wphb-cache\\\/gravatar\\\/5cb\\\/5cb9854e344676cae1832d3b7566e6f1x96.jpg\",\"contentUrl\":\"https:\\\/\\\/japan-in-baden-wuerttemberg.de\\\/djg2018\\\/wp-content\\\/wphb-cache\\\/gravatar\\\/5cb\\\/5cb9854e344676cae1832d3b7566e6f1x96.jpg\",\"caption\":\"Redaktion\"},\"url\":\"https:\\\/\\\/japan-in-baden-wuerttemberg.de\\\/djg2018\\\/author\\\/david\\\/\"}]}<\/script>\n<!-- \/ Yoast SEO plugin. -->","yoast_head_json":{"title":"Kawanabe Ky\u014dsai, japanischer K\u00fcnstler zwischen den Zeiten - DJG BW | Deutsch-Japanische Gesellschaft Baden-W\u00fcrttemberg e.V.","robots":{"index":"index","follow":"follow","max-snippet":"max-snippet:-1","max-image-preview":"max-image-preview:large","max-video-preview":"max-video-preview:-1"},"canonical":"https:\/\/japan-in-baden-wuerttemberg.de\/djg2018\/kawanabe-kyosai-japanischer-kuenstler-zwischen-den-zeiten\/","og_locale":"de_DE","og_type":"article","og_title":"Kawanabe Ky\u014dsai, japanischer K\u00fcnstler zwischen den Zeiten - DJG BW | Deutsch-Japanische Gesellschaft Baden-W\u00fcrttemberg e.V.","og_description":"Die Sonderausstellung \u201eKawanabe Ky\u014dsai, japanischer K\u00fcnstler zwischen den Zeiten\u201c mit Holzschnitten aus der Sammlung G\u00fcnter Beck ist bis zum 18. September 2022 im Stadtmuseum Hornmoldhaus in Bietigheim-Bissingen zu sehen, der [&hellip;]","og_url":"https:\/\/japan-in-baden-wuerttemberg.de\/djg2018\/kawanabe-kyosai-japanischer-kuenstler-zwischen-den-zeiten\/","og_site_name":"DJG BW | Deutsch-Japanische Gesellschaft Baden-W\u00fcrttemberg e.V.","article_published_time":"2022-07-25T08:43:16+00:00","article_modified_time":"2022-09-21T19:15:09+00:00","og_image":[{"width":908,"height":668,"url":"https:\/\/japan-in-baden-wuerttemberg.de\/djg2018\/wp-content\/uploads\/2022\/07\/Screenshot-2022-07-25-102912.png","type":"image\/png"}],"author":"Redaktion","twitter_card":"summary_large_image","twitter_misc":{"Verfasst von":"Redaktion","Gesch\u00e4tzte Lesezeit":"1\u00a0Minute"},"schema":{"@context":"https:\/\/schema.org","@graph":[{"@type":"Article","@id":"https:\/\/japan-in-baden-wuerttemberg.de\/djg2018\/kawanabe-kyosai-japanischer-kuenstler-zwischen-den-zeiten\/#article","isPartOf":{"@id":"https:\/\/japan-in-baden-wuerttemberg.de\/djg2018\/kawanabe-kyosai-japanischer-kuenstler-zwischen-den-zeiten\/"},"author":{"name":"Redaktion","@id":"https:\/\/japan-in-baden-wuerttemberg.de\/djg2018\/#\/schema\/person\/d5ba61c63aeb9f885125e6fae0a8b20c"},"headline":"Kawanabe Ky\u014dsai, japanischer K\u00fcnstler zwischen den Zeiten","datePublished":"2022-07-25T08:43:16+00:00","dateModified":"2022-09-21T19:15:09+00:00","mainEntityOfPage":{"@id":"https:\/\/japan-in-baden-wuerttemberg.de\/djg2018\/kawanabe-kyosai-japanischer-kuenstler-zwischen-den-zeiten\/"},"wordCount":156,"publisher":{"@id":"https:\/\/japan-in-baden-wuerttemberg.de\/djg2018\/#organization"},"image":{"@id":"https:\/\/japan-in-baden-wuerttemberg.de\/djg2018\/kawanabe-kyosai-japanischer-kuenstler-zwischen-den-zeiten\/#primaryimage"},"thumbnailUrl":"https:\/\/japan-in-baden-wuerttemberg.de\/djg2018\/wp-content\/uploads\/2022\/07\/Screenshot-2022-07-25-102912.png","articleSection":["Veranstaltungs-Berichte"],"inLanguage":"de"},{"@type":"WebPage","@id":"https:\/\/japan-in-baden-wuerttemberg.de\/djg2018\/kawanabe-kyosai-japanischer-kuenstler-zwischen-den-zeiten\/","url":"https:\/\/japan-in-baden-wuerttemberg.de\/djg2018\/kawanabe-kyosai-japanischer-kuenstler-zwischen-den-zeiten\/","name":"Kawanabe Ky\u014dsai, japanischer K\u00fcnstler zwischen den Zeiten - DJG BW | Deutsch-Japanische Gesellschaft Baden-W\u00fcrttemberg e.V.","isPartOf":{"@id":"https:\/\/japan-in-baden-wuerttemberg.de\/djg2018\/#website"},"primaryImageOfPage":{"@id":"https:\/\/japan-in-baden-wuerttemberg.de\/djg2018\/kawanabe-kyosai-japanischer-kuenstler-zwischen-den-zeiten\/#primaryimage"},"image":{"@id":"https:\/\/japan-in-baden-wuerttemberg.de\/djg2018\/kawanabe-kyosai-japanischer-kuenstler-zwischen-den-zeiten\/#primaryimage"},"thumbnailUrl":"https:\/\/japan-in-baden-wuerttemberg.de\/djg2018\/wp-content\/uploads\/2022\/07\/Screenshot-2022-07-25-102912.png","datePublished":"2022-07-25T08:43:16+00:00","dateModified":"2022-09-21T19:15:09+00:00","breadcrumb":{"@id":"https:\/\/japan-in-baden-wuerttemberg.de\/djg2018\/kawanabe-kyosai-japanischer-kuenstler-zwischen-den-zeiten\/#breadcrumb"},"inLanguage":"de","potentialAction":[{"@type":"ReadAction","target":["https:\/\/japan-in-baden-wuerttemberg.de\/djg2018\/kawanabe-kyosai-japanischer-kuenstler-zwischen-den-zeiten\/"]}]},{"@type":"ImageObject","inLanguage":"de","@id":"https:\/\/japan-in-baden-wuerttemberg.de\/djg2018\/kawanabe-kyosai-japanischer-kuenstler-zwischen-den-zeiten\/#primaryimage","url":"https:\/\/japan-in-baden-wuerttemberg.de\/djg2018\/wp-content\/uploads\/2022\/07\/Screenshot-2022-07-25-102912.png","contentUrl":"https:\/\/japan-in-baden-wuerttemberg.de\/djg2018\/wp-content\/uploads\/2022\/07\/Screenshot-2022-07-25-102912.png","width":908,"height":668},{"@type":"BreadcrumbList","@id":"https:\/\/japan-in-baden-wuerttemberg.de\/djg2018\/kawanabe-kyosai-japanischer-kuenstler-zwischen-den-zeiten\/#breadcrumb","itemListElement":[{"@type":"ListItem","position":1,"name":"Startseite","item":"https:\/\/japan-in-baden-wuerttemberg.de\/djg2018\/"},{"@type":"ListItem","position":2,"name":"Kawanabe Ky\u014dsai, japanischer K\u00fcnstler zwischen den Zeiten"}]},{"@type":"WebSite","@id":"https:\/\/japan-in-baden-wuerttemberg.de\/djg2018\/#website","url":"https:\/\/japan-in-baden-wuerttemberg.de\/djg2018\/","name":"DJG BW | Deutsch-Japanische Gesellschaft Baden-W\u00fcrttemberg e.V.","description":"","publisher":{"@id":"https:\/\/japan-in-baden-wuerttemberg.de\/djg2018\/#organization"},"potentialAction":[{"@type":"SearchAction","target":{"@type":"EntryPoint","urlTemplate":"https:\/\/japan-in-baden-wuerttemberg.de\/djg2018\/?s={search_term_string}"},"query-input":{"@type":"PropertyValueSpecification","valueRequired":true,"valueName":"search_term_string"}}],"inLanguage":"de"},{"@type":"Organization","@id":"https:\/\/japan-in-baden-wuerttemberg.de\/djg2018\/#organization","name":"Deutsch-Japanische Gesellschaft Baden-W\u00fcrttemberg e.V.","url":"https:\/\/japan-in-baden-wuerttemberg.de\/djg2018\/","logo":{"@type":"ImageObject","inLanguage":"de","@id":"https:\/\/japan-in-baden-wuerttemberg.de\/djg2018\/#\/schema\/logo\/image\/","url":"https:\/\/japan-in-baden-wuerttemberg.de\/djg2018\/wp-content\/uploads\/2018\/12\/djg_bw_logo2.jpg","contentUrl":"https:\/\/japan-in-baden-wuerttemberg.de\/djg2018\/wp-content\/uploads\/2018\/12\/djg_bw_logo2.jpg","width":708,"height":200,"caption":"Deutsch-Japanische Gesellschaft Baden-W\u00fcrttemberg e.V."},"image":{"@id":"https:\/\/japan-in-baden-wuerttemberg.de\/djg2018\/#\/schema\/logo\/image\/"}},{"@type":"Person","@id":"https:\/\/japan-in-baden-wuerttemberg.de\/djg2018\/#\/schema\/person\/d5ba61c63aeb9f885125e6fae0a8b20c","name":"Redaktion","image":{"@type":"ImageObject","inLanguage":"de","@id":"https:\/\/japan-in-baden-wuerttemberg.de\/djg2018\/wp-content\/wphb-cache\/gravatar\/5cb\/5cb9854e344676cae1832d3b7566e6f1x96.jpg","url":"https:\/\/japan-in-baden-wuerttemberg.de\/djg2018\/wp-content\/wphb-cache\/gravatar\/5cb\/5cb9854e344676cae1832d3b7566e6f1x96.jpg","contentUrl":"https:\/\/japan-in-baden-wuerttemberg.de\/djg2018\/wp-content\/wphb-cache\/gravatar\/5cb\/5cb9854e344676cae1832d3b7566e6f1x96.jpg","caption":"Redaktion"},"url":"https:\/\/japan-in-baden-wuerttemberg.de\/djg2018\/author\/david\/"}]}},"_links":{"self":[{"href":"https:\/\/japan-in-baden-wuerttemberg.de\/djg2018\/wp-json\/wp\/v2\/posts\/3059","targetHints":{"allow":["GET"]}}],"collection":[{"href":"https:\/\/japan-in-baden-wuerttemberg.de\/djg2018\/wp-json\/wp\/v2\/posts"}],"about":[{"href":"https:\/\/japan-in-baden-wuerttemberg.de\/djg2018\/wp-json\/wp\/v2\/types\/post"}],"author":[{"embeddable":true,"href":"https:\/\/japan-in-baden-wuerttemberg.de\/djg2018\/wp-json\/wp\/v2\/users\/1"}],"replies":[{"embeddable":true,"href":"https:\/\/japan-in-baden-wuerttemberg.de\/djg2018\/wp-json\/wp\/v2\/comments?post=3059"}],"version-history":[{"count":0,"href":"https:\/\/japan-in-baden-wuerttemberg.de\/djg2018\/wp-json\/wp\/v2\/posts\/3059\/revisions"}],"wp:featuredmedia":[{"embeddable":true,"href":"https:\/\/japan-in-baden-wuerttemberg.de\/djg2018\/wp-json\/wp\/v2\/media\/3060"}],"wp:attachment":[{"href":"https:\/\/japan-in-baden-wuerttemberg.de\/djg2018\/wp-json\/wp\/v2\/media?parent=3059"}],"wp:term":[{"taxonomy":"category","embeddable":true,"href":"https:\/\/japan-in-baden-wuerttemberg.de\/djg2018\/wp-json\/wp\/v2\/categories?post=3059"},{"taxonomy":"post_tag","embeddable":true,"href":"https:\/\/japan-in-baden-wuerttemberg.de\/djg2018\/wp-json\/wp\/v2\/tags?post=3059"}],"curies":[{"name":"wp","href":"https:\/\/api.w.org\/{rel}","templated":true}]}}