{"id":2329,"date":"2021-11-04T00:04:23","date_gmt":"2021-11-03T23:04:23","guid":{"rendered":"https:\/\/japan-in-baden-wuerttemberg.de\/djg2018\/?p=2329"},"modified":"2021-11-16T09:21:31","modified_gmt":"2021-11-16T08:21:31","slug":"japan-nach-der-wahl-wohin-steuert-die-wirtschaftsmacht-in-fernost","status":"publish","type":"post","link":"https:\/\/japan-in-baden-wuerttemberg.de\/djg2018\/japan-nach-der-wahl-wohin-steuert-die-wirtschaftsmacht-in-fernost\/","title":{"rendered":"Japan nach der Wahl \u2013 Wohin steuert die Wirtschaftsmacht in Fernost?"},"content":{"rendered":"<p><strong>Online-Vortrag mit Prof. Dr. Axel Klein<\/strong><\/p>\n<p><span style=\"color: #ff0000;\">Online via Zoom <\/span><br \/>\n<span style=\"color: #ff0000;\">Anmeldung an <span style=\"text-decoration: underline;\"><a class=\"moz-txt-link-abbreviated\" style=\"color: #ff0000; text-decoration: underline;\" href=\"mailto:s.germann@posteo.de\">s.germann@posteo.de<\/a><\/span> erbeten, Sie erhalten die Zugangsdaten am 11. November 2021. <\/span><\/p>\n<p>Nach Ende der vierj\u00e4hrigen Legislaturperiode waren Japans Stimmberechtigte am 31.10.2021 aufgerufen, \u00fcber die Besetzung des Unterhauses (der einflussreicheren der beiden Kammern des nationalen Parlaments) abzustimmen und damit indirekt auch die n\u00e4chste Regierung des Landes zu w\u00e4hlen. Favoritin war einmal mehr die Liberaldemokratische Partei (LDP), die seit ihrer Gr\u00fcndung vor 66 Jahren 61 Jahre regierte. Mit ihrem neuen Vorsitzenden Kishida und dem bew\u00e4hrten Koalitionspartner \u201ePartei f\u00fcr eine saubere Politik\u201c (Komeito) zog die Partei in den Wahlkampf, ein Teil der Opposition stellte sich mit gemeinsamen Kandidatinnen und Kandidaten dagegen.<\/p>\n<p>Wie hat sich Japan nach Ende der \u00c4ra des Langzeitpremiers Abe und unter dem Eindruck der Pandemie politisch entwickelt? Welche Themen dominierten? Wie l\u00e4sst sich das Wahlergebnis erkl\u00e4ren? Was bedeutet das f\u00fcr Japans au\u00dfen-, sicherheits- und handelspolitische Orientierung?<\/p>\n<p>Prof. Dr. Axel Klein (Universit\u00e4t Duisburg-Essen), der sich seit mehr als drei Jahrzehnten intensiv mit dem politischen System des Landes befasst, wird uns in seinem Vortrag einen \u00dcberblick \u00fcber die wichtigsten Ergebnisse und Konsequenzen dieses Wahlgangs bieten.<\/p>\n<p>Die Veranstaltung findet in Kooperation mit der Konrad-Adenauer-Stiftung e.V. statt.<\/p>\n<p>Wir freuen uns auf Sie, Ihre Fragen und einen spannenden Abend!<\/p>\n<p><span style=\"font-size: 10pt;\"><em>Text und Foto vom Parlament, Foto Axel Klein<\/em><\/span><\/p>\n","protected":false},"excerpt":{"rendered":"<p>Online-Vortrag mit Prof. Dr. Axel Klein am Freitag, 12. November 2021 um 19:30 Uhr<\/p>\n","protected":false},"author":1,"featured_media":2309,"comment_status":"closed","ping_status":"closed","sticky":false,"template":"","format":"standard","meta":{"_et_pb_use_builder":"","_et_pb_old_content":"","_et_gb_content_width":"","footnotes":""},"categories":[9],"tags":[29],"class_list":["post-2329","post","type-post","status-publish","format-standard","has-post-thumbnail","hentry","category-veranstaltungs-berichte","tag-vortrag","et-has-post-format-content","et_post_format-et-post-format-standard"],"yoast_head":"<!-- This site is optimized with the Yoast SEO plugin v27.5 - https:\/\/yoast.com\/product\/yoast-seo-wordpress\/ -->\n<title>Japan nach der Wahl \u2013 Wohin steuert die Wirtschaftsmacht in Fernost? - DJG BW | Deutsch-Japanische Gesellschaft Baden-W\u00fcrttemberg e.V.<\/title>\n<meta name=\"robots\" content=\"index, follow, max-snippet:-1, max-image-preview:large, max-video-preview:-1\" \/>\n<link rel=\"canonical\" href=\"https:\/\/japan-in-baden-wuerttemberg.de\/djg2018\/japan-nach-der-wahl-wohin-steuert-die-wirtschaftsmacht-in-fernost\/\" \/>\n<meta property=\"og:locale\" content=\"de_DE\" \/>\n<meta property=\"og:type\" content=\"article\" \/>\n<meta property=\"og:title\" content=\"Japan nach der Wahl \u2013 Wohin steuert die Wirtschaftsmacht in Fernost? - DJG BW | Deutsch-Japanische Gesellschaft Baden-W\u00fcrttemberg e.V.\" \/>\n<meta property=\"og:description\" content=\"Online-Vortrag mit Prof. Dr. Axel Klein am Freitag, 12. November 2021 um 19:30 Uhr\" \/>\n<meta property=\"og:url\" content=\"https:\/\/japan-in-baden-wuerttemberg.de\/djg2018\/japan-nach-der-wahl-wohin-steuert-die-wirtschaftsmacht-in-fernost\/\" \/>\n<meta property=\"og:site_name\" content=\"DJG BW | Deutsch-Japanische Gesellschaft Baden-W\u00fcrttemberg e.V.\" \/>\n<meta property=\"article:published_time\" content=\"2021-11-03T23:04:23+00:00\" \/>\n<meta property=\"article:modified_time\" content=\"2021-11-16T08:21:31+00:00\" \/>\n<meta property=\"og:image\" content=\"https:\/\/japan-in-baden-wuerttemberg.de\/djg2018\/wp-content\/uploads\/2021\/11\/jap-parlamentsgebaeude_web.jpg\" \/>\n\t<meta property=\"og:image:width\" content=\"1200\" \/>\n\t<meta property=\"og:image:height\" content=\"675\" \/>\n\t<meta property=\"og:image:type\" content=\"image\/jpeg\" \/>\n<meta name=\"author\" content=\"Redaktion\" \/>\n<meta name=\"twitter:card\" content=\"summary_large_image\" \/>\n<meta name=\"twitter:label1\" content=\"Verfasst von\" \/>\n\t<meta name=\"twitter:data1\" content=\"Redaktion\" \/>\n\t<meta name=\"twitter:label2\" content=\"Gesch\u00e4tzte Lesezeit\" \/>\n\t<meta name=\"twitter:data2\" content=\"1\u00a0Minute\" \/>\n<script type=\"application\/ld+json\" class=\"yoast-schema-graph\">{\"@context\":\"https:\\\/\\\/schema.org\",\"@graph\":[{\"@type\":\"Article\",\"@id\":\"https:\\\/\\\/japan-in-baden-wuerttemberg.de\\\/djg2018\\\/japan-nach-der-wahl-wohin-steuert-die-wirtschaftsmacht-in-fernost\\\/#article\",\"isPartOf\":{\"@id\":\"https:\\\/\\\/japan-in-baden-wuerttemberg.de\\\/djg2018\\\/japan-nach-der-wahl-wohin-steuert-die-wirtschaftsmacht-in-fernost\\\/\"},\"author\":{\"name\":\"Redaktion\",\"@id\":\"https:\\\/\\\/japan-in-baden-wuerttemberg.de\\\/djg2018\\\/#\\\/schema\\\/person\\\/d5ba61c63aeb9f885125e6fae0a8b20c\"},\"headline\":\"Japan nach der Wahl \u2013 Wohin steuert die Wirtschaftsmacht in Fernost?\",\"datePublished\":\"2021-11-03T23:04:23+00:00\",\"dateModified\":\"2021-11-16T08:21:31+00:00\",\"mainEntityOfPage\":{\"@id\":\"https:\\\/\\\/japan-in-baden-wuerttemberg.de\\\/djg2018\\\/japan-nach-der-wahl-wohin-steuert-die-wirtschaftsmacht-in-fernost\\\/\"},\"wordCount\":232,\"publisher\":{\"@id\":\"https:\\\/\\\/japan-in-baden-wuerttemberg.de\\\/djg2018\\\/#organization\"},\"image\":{\"@id\":\"https:\\\/\\\/japan-in-baden-wuerttemberg.de\\\/djg2018\\\/japan-nach-der-wahl-wohin-steuert-die-wirtschaftsmacht-in-fernost\\\/#primaryimage\"},\"thumbnailUrl\":\"https:\\\/\\\/japan-in-baden-wuerttemberg.de\\\/djg2018\\\/wp-content\\\/uploads\\\/2021\\\/11\\\/jap-parlamentsgebaeude_web.jpg\",\"keywords\":[\"Vortrag\"],\"articleSection\":[\"Veranstaltungs-Berichte\"],\"inLanguage\":\"de\"},{\"@type\":\"WebPage\",\"@id\":\"https:\\\/\\\/japan-in-baden-wuerttemberg.de\\\/djg2018\\\/japan-nach-der-wahl-wohin-steuert-die-wirtschaftsmacht-in-fernost\\\/\",\"url\":\"https:\\\/\\\/japan-in-baden-wuerttemberg.de\\\/djg2018\\\/japan-nach-der-wahl-wohin-steuert-die-wirtschaftsmacht-in-fernost\\\/\",\"name\":\"Japan nach der Wahl \u2013 Wohin steuert die Wirtschaftsmacht in Fernost? - DJG BW | Deutsch-Japanische Gesellschaft Baden-W\u00fcrttemberg e.V.\",\"isPartOf\":{\"@id\":\"https:\\\/\\\/japan-in-baden-wuerttemberg.de\\\/djg2018\\\/#website\"},\"primaryImageOfPage\":{\"@id\":\"https:\\\/\\\/japan-in-baden-wuerttemberg.de\\\/djg2018\\\/japan-nach-der-wahl-wohin-steuert-die-wirtschaftsmacht-in-fernost\\\/#primaryimage\"},\"image\":{\"@id\":\"https:\\\/\\\/japan-in-baden-wuerttemberg.de\\\/djg2018\\\/japan-nach-der-wahl-wohin-steuert-die-wirtschaftsmacht-in-fernost\\\/#primaryimage\"},\"thumbnailUrl\":\"https:\\\/\\\/japan-in-baden-wuerttemberg.de\\\/djg2018\\\/wp-content\\\/uploads\\\/2021\\\/11\\\/jap-parlamentsgebaeude_web.jpg\",\"datePublished\":\"2021-11-03T23:04:23+00:00\",\"dateModified\":\"2021-11-16T08:21:31+00:00\",\"breadcrumb\":{\"@id\":\"https:\\\/\\\/japan-in-baden-wuerttemberg.de\\\/djg2018\\\/japan-nach-der-wahl-wohin-steuert-die-wirtschaftsmacht-in-fernost\\\/#breadcrumb\"},\"inLanguage\":\"de\",\"potentialAction\":[{\"@type\":\"ReadAction\",\"target\":[\"https:\\\/\\\/japan-in-baden-wuerttemberg.de\\\/djg2018\\\/japan-nach-der-wahl-wohin-steuert-die-wirtschaftsmacht-in-fernost\\\/\"]}]},{\"@type\":\"ImageObject\",\"inLanguage\":\"de\",\"@id\":\"https:\\\/\\\/japan-in-baden-wuerttemberg.de\\\/djg2018\\\/japan-nach-der-wahl-wohin-steuert-die-wirtschaftsmacht-in-fernost\\\/#primaryimage\",\"url\":\"https:\\\/\\\/japan-in-baden-wuerttemberg.de\\\/djg2018\\\/wp-content\\\/uploads\\\/2021\\\/11\\\/jap-parlamentsgebaeude_web.jpg\",\"contentUrl\":\"https:\\\/\\\/japan-in-baden-wuerttemberg.de\\\/djg2018\\\/wp-content\\\/uploads\\\/2021\\\/11\\\/jap-parlamentsgebaeude_web.jpg\",\"width\":1200,\"height\":675},{\"@type\":\"BreadcrumbList\",\"@id\":\"https:\\\/\\\/japan-in-baden-wuerttemberg.de\\\/djg2018\\\/japan-nach-der-wahl-wohin-steuert-die-wirtschaftsmacht-in-fernost\\\/#breadcrumb\",\"itemListElement\":[{\"@type\":\"ListItem\",\"position\":1,\"name\":\"Startseite\",\"item\":\"https:\\\/\\\/japan-in-baden-wuerttemberg.de\\\/djg2018\\\/\"},{\"@type\":\"ListItem\",\"position\":2,\"name\":\"Japan nach der Wahl \u2013 Wohin steuert die Wirtschaftsmacht in Fernost?\"}]},{\"@type\":\"WebSite\",\"@id\":\"https:\\\/\\\/japan-in-baden-wuerttemberg.de\\\/djg2018\\\/#website\",\"url\":\"https:\\\/\\\/japan-in-baden-wuerttemberg.de\\\/djg2018\\\/\",\"name\":\"DJG BW | Deutsch-Japanische Gesellschaft Baden-W\u00fcrttemberg e.V.\",\"description\":\"\",\"publisher\":{\"@id\":\"https:\\\/\\\/japan-in-baden-wuerttemberg.de\\\/djg2018\\\/#organization\"},\"potentialAction\":[{\"@type\":\"SearchAction\",\"target\":{\"@type\":\"EntryPoint\",\"urlTemplate\":\"https:\\\/\\\/japan-in-baden-wuerttemberg.de\\\/djg2018\\\/?s={search_term_string}\"},\"query-input\":{\"@type\":\"PropertyValueSpecification\",\"valueRequired\":true,\"valueName\":\"search_term_string\"}}],\"inLanguage\":\"de\"},{\"@type\":\"Organization\",\"@id\":\"https:\\\/\\\/japan-in-baden-wuerttemberg.de\\\/djg2018\\\/#organization\",\"name\":\"Deutsch-Japanische Gesellschaft Baden-W\u00fcrttemberg e.V.\",\"url\":\"https:\\\/\\\/japan-in-baden-wuerttemberg.de\\\/djg2018\\\/\",\"logo\":{\"@type\":\"ImageObject\",\"inLanguage\":\"de\",\"@id\":\"https:\\\/\\\/japan-in-baden-wuerttemberg.de\\\/djg2018\\\/#\\\/schema\\\/logo\\\/image\\\/\",\"url\":\"https:\\\/\\\/japan-in-baden-wuerttemberg.de\\\/djg2018\\\/wp-content\\\/uploads\\\/2018\\\/12\\\/djg_bw_logo2.jpg\",\"contentUrl\":\"https:\\\/\\\/japan-in-baden-wuerttemberg.de\\\/djg2018\\\/wp-content\\\/uploads\\\/2018\\\/12\\\/djg_bw_logo2.jpg\",\"width\":708,\"height\":200,\"caption\":\"Deutsch-Japanische Gesellschaft Baden-W\u00fcrttemberg e.V.\"},\"image\":{\"@id\":\"https:\\\/\\\/japan-in-baden-wuerttemberg.de\\\/djg2018\\\/#\\\/schema\\\/logo\\\/image\\\/\"}},{\"@type\":\"Person\",\"@id\":\"https:\\\/\\\/japan-in-baden-wuerttemberg.de\\\/djg2018\\\/#\\\/schema\\\/person\\\/d5ba61c63aeb9f885125e6fae0a8b20c\",\"name\":\"Redaktion\",\"image\":{\"@type\":\"ImageObject\",\"inLanguage\":\"de\",\"@id\":\"https:\\\/\\\/japan-in-baden-wuerttemberg.de\\\/djg2018\\\/wp-content\\\/wphb-cache\\\/gravatar\\\/5cb\\\/5cb9854e344676cae1832d3b7566e6f1x96.jpg\",\"url\":\"https:\\\/\\\/japan-in-baden-wuerttemberg.de\\\/djg2018\\\/wp-content\\\/wphb-cache\\\/gravatar\\\/5cb\\\/5cb9854e344676cae1832d3b7566e6f1x96.jpg\",\"contentUrl\":\"https:\\\/\\\/japan-in-baden-wuerttemberg.de\\\/djg2018\\\/wp-content\\\/wphb-cache\\\/gravatar\\\/5cb\\\/5cb9854e344676cae1832d3b7566e6f1x96.jpg\",\"caption\":\"Redaktion\"},\"url\":\"https:\\\/\\\/japan-in-baden-wuerttemberg.de\\\/djg2018\\\/author\\\/david\\\/\"}]}<\/script>\n<!-- \/ Yoast SEO plugin. -->","yoast_head_json":{"title":"Japan nach der Wahl \u2013 Wohin steuert die Wirtschaftsmacht in Fernost? - DJG BW | Deutsch-Japanische Gesellschaft Baden-W\u00fcrttemberg e.V.","robots":{"index":"index","follow":"follow","max-snippet":"max-snippet:-1","max-image-preview":"max-image-preview:large","max-video-preview":"max-video-preview:-1"},"canonical":"https:\/\/japan-in-baden-wuerttemberg.de\/djg2018\/japan-nach-der-wahl-wohin-steuert-die-wirtschaftsmacht-in-fernost\/","og_locale":"de_DE","og_type":"article","og_title":"Japan nach der Wahl \u2013 Wohin steuert die Wirtschaftsmacht in Fernost? - DJG BW | Deutsch-Japanische Gesellschaft Baden-W\u00fcrttemberg e.V.","og_description":"Online-Vortrag mit Prof. Dr. Axel Klein am Freitag, 12. November 2021 um 19:30 Uhr","og_url":"https:\/\/japan-in-baden-wuerttemberg.de\/djg2018\/japan-nach-der-wahl-wohin-steuert-die-wirtschaftsmacht-in-fernost\/","og_site_name":"DJG BW | Deutsch-Japanische Gesellschaft Baden-W\u00fcrttemberg e.V.","article_published_time":"2021-11-03T23:04:23+00:00","article_modified_time":"2021-11-16T08:21:31+00:00","og_image":[{"width":1200,"height":675,"url":"https:\/\/japan-in-baden-wuerttemberg.de\/djg2018\/wp-content\/uploads\/2021\/11\/jap-parlamentsgebaeude_web.jpg","type":"image\/jpeg"}],"author":"Redaktion","twitter_card":"summary_large_image","twitter_misc":{"Verfasst von":"Redaktion","Gesch\u00e4tzte Lesezeit":"1\u00a0Minute"},"schema":{"@context":"https:\/\/schema.org","@graph":[{"@type":"Article","@id":"https:\/\/japan-in-baden-wuerttemberg.de\/djg2018\/japan-nach-der-wahl-wohin-steuert-die-wirtschaftsmacht-in-fernost\/#article","isPartOf":{"@id":"https:\/\/japan-in-baden-wuerttemberg.de\/djg2018\/japan-nach-der-wahl-wohin-steuert-die-wirtschaftsmacht-in-fernost\/"},"author":{"name":"Redaktion","@id":"https:\/\/japan-in-baden-wuerttemberg.de\/djg2018\/#\/schema\/person\/d5ba61c63aeb9f885125e6fae0a8b20c"},"headline":"Japan nach der Wahl \u2013 Wohin steuert die Wirtschaftsmacht in Fernost?","datePublished":"2021-11-03T23:04:23+00:00","dateModified":"2021-11-16T08:21:31+00:00","mainEntityOfPage":{"@id":"https:\/\/japan-in-baden-wuerttemberg.de\/djg2018\/japan-nach-der-wahl-wohin-steuert-die-wirtschaftsmacht-in-fernost\/"},"wordCount":232,"publisher":{"@id":"https:\/\/japan-in-baden-wuerttemberg.de\/djg2018\/#organization"},"image":{"@id":"https:\/\/japan-in-baden-wuerttemberg.de\/djg2018\/japan-nach-der-wahl-wohin-steuert-die-wirtschaftsmacht-in-fernost\/#primaryimage"},"thumbnailUrl":"https:\/\/japan-in-baden-wuerttemberg.de\/djg2018\/wp-content\/uploads\/2021\/11\/jap-parlamentsgebaeude_web.jpg","keywords":["Vortrag"],"articleSection":["Veranstaltungs-Berichte"],"inLanguage":"de"},{"@type":"WebPage","@id":"https:\/\/japan-in-baden-wuerttemberg.de\/djg2018\/japan-nach-der-wahl-wohin-steuert-die-wirtschaftsmacht-in-fernost\/","url":"https:\/\/japan-in-baden-wuerttemberg.de\/djg2018\/japan-nach-der-wahl-wohin-steuert-die-wirtschaftsmacht-in-fernost\/","name":"Japan nach der Wahl \u2013 Wohin steuert die Wirtschaftsmacht in Fernost? - DJG BW | Deutsch-Japanische Gesellschaft Baden-W\u00fcrttemberg e.V.","isPartOf":{"@id":"https:\/\/japan-in-baden-wuerttemberg.de\/djg2018\/#website"},"primaryImageOfPage":{"@id":"https:\/\/japan-in-baden-wuerttemberg.de\/djg2018\/japan-nach-der-wahl-wohin-steuert-die-wirtschaftsmacht-in-fernost\/#primaryimage"},"image":{"@id":"https:\/\/japan-in-baden-wuerttemberg.de\/djg2018\/japan-nach-der-wahl-wohin-steuert-die-wirtschaftsmacht-in-fernost\/#primaryimage"},"thumbnailUrl":"https:\/\/japan-in-baden-wuerttemberg.de\/djg2018\/wp-content\/uploads\/2021\/11\/jap-parlamentsgebaeude_web.jpg","datePublished":"2021-11-03T23:04:23+00:00","dateModified":"2021-11-16T08:21:31+00:00","breadcrumb":{"@id":"https:\/\/japan-in-baden-wuerttemberg.de\/djg2018\/japan-nach-der-wahl-wohin-steuert-die-wirtschaftsmacht-in-fernost\/#breadcrumb"},"inLanguage":"de","potentialAction":[{"@type":"ReadAction","target":["https:\/\/japan-in-baden-wuerttemberg.de\/djg2018\/japan-nach-der-wahl-wohin-steuert-die-wirtschaftsmacht-in-fernost\/"]}]},{"@type":"ImageObject","inLanguage":"de","@id":"https:\/\/japan-in-baden-wuerttemberg.de\/djg2018\/japan-nach-der-wahl-wohin-steuert-die-wirtschaftsmacht-in-fernost\/#primaryimage","url":"https:\/\/japan-in-baden-wuerttemberg.de\/djg2018\/wp-content\/uploads\/2021\/11\/jap-parlamentsgebaeude_web.jpg","contentUrl":"https:\/\/japan-in-baden-wuerttemberg.de\/djg2018\/wp-content\/uploads\/2021\/11\/jap-parlamentsgebaeude_web.jpg","width":1200,"height":675},{"@type":"BreadcrumbList","@id":"https:\/\/japan-in-baden-wuerttemberg.de\/djg2018\/japan-nach-der-wahl-wohin-steuert-die-wirtschaftsmacht-in-fernost\/#breadcrumb","itemListElement":[{"@type":"ListItem","position":1,"name":"Startseite","item":"https:\/\/japan-in-baden-wuerttemberg.de\/djg2018\/"},{"@type":"ListItem","position":2,"name":"Japan nach der Wahl \u2013 Wohin steuert die Wirtschaftsmacht in Fernost?"}]},{"@type":"WebSite","@id":"https:\/\/japan-in-baden-wuerttemberg.de\/djg2018\/#website","url":"https:\/\/japan-in-baden-wuerttemberg.de\/djg2018\/","name":"DJG BW | Deutsch-Japanische Gesellschaft Baden-W\u00fcrttemberg e.V.","description":"","publisher":{"@id":"https:\/\/japan-in-baden-wuerttemberg.de\/djg2018\/#organization"},"potentialAction":[{"@type":"SearchAction","target":{"@type":"EntryPoint","urlTemplate":"https:\/\/japan-in-baden-wuerttemberg.de\/djg2018\/?s={search_term_string}"},"query-input":{"@type":"PropertyValueSpecification","valueRequired":true,"valueName":"search_term_string"}}],"inLanguage":"de"},{"@type":"Organization","@id":"https:\/\/japan-in-baden-wuerttemberg.de\/djg2018\/#organization","name":"Deutsch-Japanische Gesellschaft Baden-W\u00fcrttemberg e.V.","url":"https:\/\/japan-in-baden-wuerttemberg.de\/djg2018\/","logo":{"@type":"ImageObject","inLanguage":"de","@id":"https:\/\/japan-in-baden-wuerttemberg.de\/djg2018\/#\/schema\/logo\/image\/","url":"https:\/\/japan-in-baden-wuerttemberg.de\/djg2018\/wp-content\/uploads\/2018\/12\/djg_bw_logo2.jpg","contentUrl":"https:\/\/japan-in-baden-wuerttemberg.de\/djg2018\/wp-content\/uploads\/2018\/12\/djg_bw_logo2.jpg","width":708,"height":200,"caption":"Deutsch-Japanische Gesellschaft Baden-W\u00fcrttemberg e.V."},"image":{"@id":"https:\/\/japan-in-baden-wuerttemberg.de\/djg2018\/#\/schema\/logo\/image\/"}},{"@type":"Person","@id":"https:\/\/japan-in-baden-wuerttemberg.de\/djg2018\/#\/schema\/person\/d5ba61c63aeb9f885125e6fae0a8b20c","name":"Redaktion","image":{"@type":"ImageObject","inLanguage":"de","@id":"https:\/\/japan-in-baden-wuerttemberg.de\/djg2018\/wp-content\/wphb-cache\/gravatar\/5cb\/5cb9854e344676cae1832d3b7566e6f1x96.jpg","url":"https:\/\/japan-in-baden-wuerttemberg.de\/djg2018\/wp-content\/wphb-cache\/gravatar\/5cb\/5cb9854e344676cae1832d3b7566e6f1x96.jpg","contentUrl":"https:\/\/japan-in-baden-wuerttemberg.de\/djg2018\/wp-content\/wphb-cache\/gravatar\/5cb\/5cb9854e344676cae1832d3b7566e6f1x96.jpg","caption":"Redaktion"},"url":"https:\/\/japan-in-baden-wuerttemberg.de\/djg2018\/author\/david\/"}]}},"_links":{"self":[{"href":"https:\/\/japan-in-baden-wuerttemberg.de\/djg2018\/wp-json\/wp\/v2\/posts\/2329","targetHints":{"allow":["GET"]}}],"collection":[{"href":"https:\/\/japan-in-baden-wuerttemberg.de\/djg2018\/wp-json\/wp\/v2\/posts"}],"about":[{"href":"https:\/\/japan-in-baden-wuerttemberg.de\/djg2018\/wp-json\/wp\/v2\/types\/post"}],"author":[{"embeddable":true,"href":"https:\/\/japan-in-baden-wuerttemberg.de\/djg2018\/wp-json\/wp\/v2\/users\/1"}],"replies":[{"embeddable":true,"href":"https:\/\/japan-in-baden-wuerttemberg.de\/djg2018\/wp-json\/wp\/v2\/comments?post=2329"}],"version-history":[{"count":0,"href":"https:\/\/japan-in-baden-wuerttemberg.de\/djg2018\/wp-json\/wp\/v2\/posts\/2329\/revisions"}],"wp:featuredmedia":[{"embeddable":true,"href":"https:\/\/japan-in-baden-wuerttemberg.de\/djg2018\/wp-json\/wp\/v2\/media\/2309"}],"wp:attachment":[{"href":"https:\/\/japan-in-baden-wuerttemberg.de\/djg2018\/wp-json\/wp\/v2\/media?parent=2329"}],"wp:term":[{"taxonomy":"category","embeddable":true,"href":"https:\/\/japan-in-baden-wuerttemberg.de\/djg2018\/wp-json\/wp\/v2\/categories?post=2329"},{"taxonomy":"post_tag","embeddable":true,"href":"https:\/\/japan-in-baden-wuerttemberg.de\/djg2018\/wp-json\/wp\/v2\/tags?post=2329"}],"curies":[{"name":"wp","href":"https:\/\/api.w.org\/{rel}","templated":true}]}}