{"id":10106,"date":"2024-12-16T00:04:28","date_gmt":"2024-12-15T23:04:28","guid":{"rendered":"https:\/\/japan-in-baden-wuerttemberg.de\/djg2018\/?p=10106"},"modified":"2025-02-07T08:54:01","modified_gmt":"2025-02-07T07:54:01","slug":"einladung-japanisches-neujahrsfest-shinnenkai-%e6%96%b0%e5%b9%b4%e4%bc%9a-2025","status":"publish","type":"post","link":"https:\/\/japan-in-baden-wuerttemberg.de\/djg2018\/einladung-japanisches-neujahrsfest-shinnenkai-%e6%96%b0%e5%b9%b4%e4%bc%9a-2025\/","title":{"rendered":"Einladung: Japanisches Neujahrsfest Shinnenkai \u65b0\u5e74\u4f1a"},"content":{"rendered":"<p>Neujahrsfest der Deutsch-Japanischen Gesellschaft Baden-W\u00fcrttemberg mit dem Duo saiLento &#8211; EMURA Reiko, Piano, und MINAMI Shinichi, Percussion<\/p>\n<p><strong>Wann?<\/strong><br \/>\nSamstag, 01. 02. 2025 statt, Beginn 18 Uhr, Ende gegen 21:30 Uhr<\/p>\n<p><strong>Wo?<\/strong><br \/>\nLiteraturhaus Stuttgart, Breitscheidstra\u00dfe 4, 70174 Stuttgart<\/p>\n<p><strong>Kosten?<\/strong><br \/>\n15 \u20ac f\u00fcr Nicht-Mitglieder, 7 \u20ac f\u00fcr DJG-Mitglieder und Studenten<\/p>\n<p><strong>Voranmeldung \/ Kartenkauf<\/strong><br \/>\nWir bitten um verbindliche Kartenreservierung unter <a class=\"moz-txt-link-abbreviated\" href=\"mailto:s.germann@posteo.de\">s.germann@posteo.de<\/a><br \/>\nDie vorbestellten Karten werden ab 17:15 Uhr an der Abendkasse verkauft.<\/p>\n<p><strong>Beschreibung<\/strong><br \/>\nDie Deutsch-japanische Gesellschaft Baden-W\u00fcrttemberg l\u00e4dt Mitglieder und Nichtmitglieder zum Japanischen Neujahrsfest \u65b0\u5e74\u4f1a\u3000mit dem Duo saiLento, Karlsruhe, sehr herzlich ein.<\/p>\n<p>Das Duo saiLento hat sich beim Stummfilm-Festival Karlsruhe 2017 mit &#8222;Taki no shiraito &#8211; Die wei\u00dfen F\u00e4den des Wasserfalls&#8220; und dem Filmerz\u00e4hler Ichiro Kataoka erstmals der Begleitung von Stummfilmen gewidmet. Die beiden vielseitigen Musiker Reiko EMURA, Klavier und Shinichi MINAMI, Schlagzeug studierten beide an der Hochschule f\u00fcr Musik in Karlsruhe. Reiko EMURA hat bereits in Japan ein Musikstudium absolviert und ist besonders als Komponistin hervorgetreten. Gemeinsam gaben sie zahlreiche Konzerte aus den Genres Klassik, Jazz und zeitgen\u00f6ssische Musik, sie brillieren besonders durch eigene Kompositionen und Improvisationen. Ihre Leidenschaft f\u00fcr Improvisation f\u00fchrte sie zur Stummfilmbegleitung. Wir werden u.a. einen japanischen Stummfilm sehen, den die beiden begleiten. Lassen Sie sich \u00fcberraschen! Im Anschluss daran laden wir Sie zum gem\u00fctlichen Beisammensein mit Sushi und Getr\u00e4nken ein.<\/p>\n<p><strong>Anfahrt<\/strong><br \/>\nMit \u00f6ffentlichen Verkehrsmitteln: Haltestellen Berliner Platz \/ Hohe Stra\u00dfe<br \/>\nParkh\u00e4user in der Umgebung: Liederhalle \/ Boch-Areal, Tivoli, Schlossstra\u00dfe, Holzgartenstra\u00dfe und Hofdienergarage<\/p>\n<p><strong>Bildrechte<\/strong><br \/>\nAlexander Theis<\/p>\n","protected":false},"excerpt":{"rendered":"<p>Einladung zum Neujahrsfest der Deutsch-Japanischen Gesellschaft Baden-W\u00fcrttemberg mit dem Duo saiLento<\/p>\n","protected":false},"author":1,"featured_media":10105,"comment_status":"closed","ping_status":"closed","sticky":false,"template":"","format":"standard","meta":{"_et_pb_use_builder":"","_et_pb_old_content":"","_et_gb_content_width":"","footnotes":""},"categories":[9],"tags":[78,67],"class_list":["post-10106","post","type-post","status-publish","format-standard","has-post-thumbnail","hentry","category-veranstaltungs-berichte","tag-einladung","tag-shinnenkai","et-has-post-format-content","et_post_format-et-post-format-standard"],"yoast_head":"<!-- This site is optimized with the Yoast SEO plugin v27.5 - https:\/\/yoast.com\/product\/yoast-seo-wordpress\/ -->\n<title>Einladung: Japanisches Neujahrsfest Shinnenkai \u65b0\u5e74\u4f1a - DJG BW | Deutsch-Japanische Gesellschaft Baden-W\u00fcrttemberg e.V.<\/title>\n<meta name=\"robots\" content=\"index, follow, max-snippet:-1, max-image-preview:large, max-video-preview:-1\" \/>\n<link rel=\"canonical\" href=\"https:\/\/japan-in-baden-wuerttemberg.de\/djg2018\/einladung-japanisches-neujahrsfest-shinnenkai-\u65b0\u5e74\u4f1a-2025\/\" \/>\n<meta property=\"og:locale\" content=\"de_DE\" \/>\n<meta property=\"og:type\" content=\"article\" \/>\n<meta property=\"og:title\" content=\"Einladung: Japanisches Neujahrsfest Shinnenkai \u65b0\u5e74\u4f1a - DJG BW | Deutsch-Japanische Gesellschaft Baden-W\u00fcrttemberg e.V.\" \/>\n<meta property=\"og:description\" content=\"Einladung zum Neujahrsfest der Deutsch-Japanischen Gesellschaft Baden-W\u00fcrttemberg mit dem Duo saiLento\" \/>\n<meta property=\"og:url\" content=\"https:\/\/japan-in-baden-wuerttemberg.de\/djg2018\/einladung-japanisches-neujahrsfest-shinnenkai-\u65b0\u5e74\u4f1a-2025\/\" \/>\n<meta property=\"og:site_name\" content=\"DJG BW | Deutsch-Japanische Gesellschaft Baden-W\u00fcrttemberg e.V.\" \/>\n<meta property=\"article:published_time\" content=\"2024-12-15T23:04:28+00:00\" \/>\n<meta property=\"article:modified_time\" content=\"2025-02-07T07:54:01+00:00\" \/>\n<meta property=\"og:image\" content=\"https:\/\/japan-in-baden-wuerttemberg.de\/djg2018\/wp-content\/uploads\/2024\/12\/SaiLento_web.jpg\" \/>\n\t<meta property=\"og:image:width\" content=\"1600\" \/>\n\t<meta property=\"og:image:height\" content=\"1069\" \/>\n\t<meta property=\"og:image:type\" content=\"image\/jpeg\" \/>\n<meta name=\"author\" content=\"Redaktion\" \/>\n<meta name=\"twitter:card\" content=\"summary_large_image\" \/>\n<meta name=\"twitter:label1\" content=\"Verfasst von\" \/>\n\t<meta name=\"twitter:data1\" content=\"Redaktion\" \/>\n\t<meta name=\"twitter:label2\" content=\"Gesch\u00e4tzte Lesezeit\" \/>\n\t<meta name=\"twitter:data2\" content=\"2\u00a0Minuten\" \/>\n<script type=\"application\/ld+json\" class=\"yoast-schema-graph\">{\"@context\":\"https:\\\/\\\/schema.org\",\"@graph\":[{\"@type\":\"Article\",\"@id\":\"https:\\\/\\\/japan-in-baden-wuerttemberg.de\\\/djg2018\\\/einladung-japanisches-neujahrsfest-shinnenkai-%e6%96%b0%e5%b9%b4%e4%bc%9a-2025\\\/#article\",\"isPartOf\":{\"@id\":\"https:\\\/\\\/japan-in-baden-wuerttemberg.de\\\/djg2018\\\/einladung-japanisches-neujahrsfest-shinnenkai-%e6%96%b0%e5%b9%b4%e4%bc%9a-2025\\\/\"},\"author\":{\"name\":\"Redaktion\",\"@id\":\"https:\\\/\\\/japan-in-baden-wuerttemberg.de\\\/djg2018\\\/#\\\/schema\\\/person\\\/d5ba61c63aeb9f885125e6fae0a8b20c\"},\"headline\":\"Einladung: Japanisches Neujahrsfest Shinnenkai \u65b0\u5e74\u4f1a\",\"datePublished\":\"2024-12-15T23:04:28+00:00\",\"dateModified\":\"2025-02-07T07:54:01+00:00\",\"mainEntityOfPage\":{\"@id\":\"https:\\\/\\\/japan-in-baden-wuerttemberg.de\\\/djg2018\\\/einladung-japanisches-neujahrsfest-shinnenkai-%e6%96%b0%e5%b9%b4%e4%bc%9a-2025\\\/\"},\"wordCount\":248,\"publisher\":{\"@id\":\"https:\\\/\\\/japan-in-baden-wuerttemberg.de\\\/djg2018\\\/#organization\"},\"image\":{\"@id\":\"https:\\\/\\\/japan-in-baden-wuerttemberg.de\\\/djg2018\\\/einladung-japanisches-neujahrsfest-shinnenkai-%e6%96%b0%e5%b9%b4%e4%bc%9a-2025\\\/#primaryimage\"},\"thumbnailUrl\":\"https:\\\/\\\/japan-in-baden-wuerttemberg.de\\\/djg2018\\\/wp-content\\\/uploads\\\/2024\\\/12\\\/SaiLento_web.jpg\",\"keywords\":[\"Einladung\",\"Shinnenkai\"],\"articleSection\":[\"Veranstaltungs-Berichte\"],\"inLanguage\":\"de\"},{\"@type\":\"WebPage\",\"@id\":\"https:\\\/\\\/japan-in-baden-wuerttemberg.de\\\/djg2018\\\/einladung-japanisches-neujahrsfest-shinnenkai-%e6%96%b0%e5%b9%b4%e4%bc%9a-2025\\\/\",\"url\":\"https:\\\/\\\/japan-in-baden-wuerttemberg.de\\\/djg2018\\\/einladung-japanisches-neujahrsfest-shinnenkai-%e6%96%b0%e5%b9%b4%e4%bc%9a-2025\\\/\",\"name\":\"Einladung: Japanisches Neujahrsfest Shinnenkai \u65b0\u5e74\u4f1a - DJG BW | Deutsch-Japanische Gesellschaft Baden-W\u00fcrttemberg e.V.\",\"isPartOf\":{\"@id\":\"https:\\\/\\\/japan-in-baden-wuerttemberg.de\\\/djg2018\\\/#website\"},\"primaryImageOfPage\":{\"@id\":\"https:\\\/\\\/japan-in-baden-wuerttemberg.de\\\/djg2018\\\/einladung-japanisches-neujahrsfest-shinnenkai-%e6%96%b0%e5%b9%b4%e4%bc%9a-2025\\\/#primaryimage\"},\"image\":{\"@id\":\"https:\\\/\\\/japan-in-baden-wuerttemberg.de\\\/djg2018\\\/einladung-japanisches-neujahrsfest-shinnenkai-%e6%96%b0%e5%b9%b4%e4%bc%9a-2025\\\/#primaryimage\"},\"thumbnailUrl\":\"https:\\\/\\\/japan-in-baden-wuerttemberg.de\\\/djg2018\\\/wp-content\\\/uploads\\\/2024\\\/12\\\/SaiLento_web.jpg\",\"datePublished\":\"2024-12-15T23:04:28+00:00\",\"dateModified\":\"2025-02-07T07:54:01+00:00\",\"breadcrumb\":{\"@id\":\"https:\\\/\\\/japan-in-baden-wuerttemberg.de\\\/djg2018\\\/einladung-japanisches-neujahrsfest-shinnenkai-%e6%96%b0%e5%b9%b4%e4%bc%9a-2025\\\/#breadcrumb\"},\"inLanguage\":\"de\",\"potentialAction\":[{\"@type\":\"ReadAction\",\"target\":[\"https:\\\/\\\/japan-in-baden-wuerttemberg.de\\\/djg2018\\\/einladung-japanisches-neujahrsfest-shinnenkai-%e6%96%b0%e5%b9%b4%e4%bc%9a-2025\\\/\"]}]},{\"@type\":\"ImageObject\",\"inLanguage\":\"de\",\"@id\":\"https:\\\/\\\/japan-in-baden-wuerttemberg.de\\\/djg2018\\\/einladung-japanisches-neujahrsfest-shinnenkai-%e6%96%b0%e5%b9%b4%e4%bc%9a-2025\\\/#primaryimage\",\"url\":\"https:\\\/\\\/japan-in-baden-wuerttemberg.de\\\/djg2018\\\/wp-content\\\/uploads\\\/2024\\\/12\\\/SaiLento_web.jpg\",\"contentUrl\":\"https:\\\/\\\/japan-in-baden-wuerttemberg.de\\\/djg2018\\\/wp-content\\\/uploads\\\/2024\\\/12\\\/SaiLento_web.jpg\",\"width\":1600,\"height\":1069},{\"@type\":\"BreadcrumbList\",\"@id\":\"https:\\\/\\\/japan-in-baden-wuerttemberg.de\\\/djg2018\\\/einladung-japanisches-neujahrsfest-shinnenkai-%e6%96%b0%e5%b9%b4%e4%bc%9a-2025\\\/#breadcrumb\",\"itemListElement\":[{\"@type\":\"ListItem\",\"position\":1,\"name\":\"Startseite\",\"item\":\"https:\\\/\\\/japan-in-baden-wuerttemberg.de\\\/djg2018\\\/\"},{\"@type\":\"ListItem\",\"position\":2,\"name\":\"Einladung: Japanisches Neujahrsfest Shinnenkai \u65b0\u5e74\u4f1a\"}]},{\"@type\":\"WebSite\",\"@id\":\"https:\\\/\\\/japan-in-baden-wuerttemberg.de\\\/djg2018\\\/#website\",\"url\":\"https:\\\/\\\/japan-in-baden-wuerttemberg.de\\\/djg2018\\\/\",\"name\":\"DJG BW | Deutsch-Japanische Gesellschaft Baden-W\u00fcrttemberg e.V.\",\"description\":\"\",\"publisher\":{\"@id\":\"https:\\\/\\\/japan-in-baden-wuerttemberg.de\\\/djg2018\\\/#organization\"},\"potentialAction\":[{\"@type\":\"SearchAction\",\"target\":{\"@type\":\"EntryPoint\",\"urlTemplate\":\"https:\\\/\\\/japan-in-baden-wuerttemberg.de\\\/djg2018\\\/?s={search_term_string}\"},\"query-input\":{\"@type\":\"PropertyValueSpecification\",\"valueRequired\":true,\"valueName\":\"search_term_string\"}}],\"inLanguage\":\"de\"},{\"@type\":\"Organization\",\"@id\":\"https:\\\/\\\/japan-in-baden-wuerttemberg.de\\\/djg2018\\\/#organization\",\"name\":\"Deutsch-Japanische Gesellschaft Baden-W\u00fcrttemberg e.V.\",\"url\":\"https:\\\/\\\/japan-in-baden-wuerttemberg.de\\\/djg2018\\\/\",\"logo\":{\"@type\":\"ImageObject\",\"inLanguage\":\"de\",\"@id\":\"https:\\\/\\\/japan-in-baden-wuerttemberg.de\\\/djg2018\\\/#\\\/schema\\\/logo\\\/image\\\/\",\"url\":\"https:\\\/\\\/japan-in-baden-wuerttemberg.de\\\/djg2018\\\/wp-content\\\/uploads\\\/2018\\\/12\\\/djg_bw_logo2.jpg\",\"contentUrl\":\"https:\\\/\\\/japan-in-baden-wuerttemberg.de\\\/djg2018\\\/wp-content\\\/uploads\\\/2018\\\/12\\\/djg_bw_logo2.jpg\",\"width\":708,\"height\":200,\"caption\":\"Deutsch-Japanische Gesellschaft Baden-W\u00fcrttemberg e.V.\"},\"image\":{\"@id\":\"https:\\\/\\\/japan-in-baden-wuerttemberg.de\\\/djg2018\\\/#\\\/schema\\\/logo\\\/image\\\/\"}},{\"@type\":\"Person\",\"@id\":\"https:\\\/\\\/japan-in-baden-wuerttemberg.de\\\/djg2018\\\/#\\\/schema\\\/person\\\/d5ba61c63aeb9f885125e6fae0a8b20c\",\"name\":\"Redaktion\",\"image\":{\"@type\":\"ImageObject\",\"inLanguage\":\"de\",\"@id\":\"https:\\\/\\\/japan-in-baden-wuerttemberg.de\\\/djg2018\\\/wp-content\\\/wphb-cache\\\/gravatar\\\/5cb\\\/5cb9854e344676cae1832d3b7566e6f1x96.jpg\",\"url\":\"https:\\\/\\\/japan-in-baden-wuerttemberg.de\\\/djg2018\\\/wp-content\\\/wphb-cache\\\/gravatar\\\/5cb\\\/5cb9854e344676cae1832d3b7566e6f1x96.jpg\",\"contentUrl\":\"https:\\\/\\\/japan-in-baden-wuerttemberg.de\\\/djg2018\\\/wp-content\\\/wphb-cache\\\/gravatar\\\/5cb\\\/5cb9854e344676cae1832d3b7566e6f1x96.jpg\",\"caption\":\"Redaktion\"},\"url\":\"https:\\\/\\\/japan-in-baden-wuerttemberg.de\\\/djg2018\\\/author\\\/david\\\/\"}]}<\/script>\n<!-- \/ Yoast SEO plugin. -->","yoast_head_json":{"title":"Einladung: Japanisches Neujahrsfest Shinnenkai \u65b0\u5e74\u4f1a - DJG BW | Deutsch-Japanische Gesellschaft Baden-W\u00fcrttemberg e.V.","robots":{"index":"index","follow":"follow","max-snippet":"max-snippet:-1","max-image-preview":"max-image-preview:large","max-video-preview":"max-video-preview:-1"},"canonical":"https:\/\/japan-in-baden-wuerttemberg.de\/djg2018\/einladung-japanisches-neujahrsfest-shinnenkai-\u65b0\u5e74\u4f1a-2025\/","og_locale":"de_DE","og_type":"article","og_title":"Einladung: Japanisches Neujahrsfest Shinnenkai \u65b0\u5e74\u4f1a - DJG BW | Deutsch-Japanische Gesellschaft Baden-W\u00fcrttemberg e.V.","og_description":"Einladung zum Neujahrsfest der Deutsch-Japanischen Gesellschaft Baden-W\u00fcrttemberg mit dem Duo saiLento","og_url":"https:\/\/japan-in-baden-wuerttemberg.de\/djg2018\/einladung-japanisches-neujahrsfest-shinnenkai-\u65b0\u5e74\u4f1a-2025\/","og_site_name":"DJG BW | Deutsch-Japanische Gesellschaft Baden-W\u00fcrttemberg e.V.","article_published_time":"2024-12-15T23:04:28+00:00","article_modified_time":"2025-02-07T07:54:01+00:00","og_image":[{"width":1600,"height":1069,"url":"https:\/\/japan-in-baden-wuerttemberg.de\/djg2018\/wp-content\/uploads\/2024\/12\/SaiLento_web.jpg","type":"image\/jpeg"}],"author":"Redaktion","twitter_card":"summary_large_image","twitter_misc":{"Verfasst von":"Redaktion","Gesch\u00e4tzte Lesezeit":"2\u00a0Minuten"},"schema":{"@context":"https:\/\/schema.org","@graph":[{"@type":"Article","@id":"https:\/\/japan-in-baden-wuerttemberg.de\/djg2018\/einladung-japanisches-neujahrsfest-shinnenkai-%e6%96%b0%e5%b9%b4%e4%bc%9a-2025\/#article","isPartOf":{"@id":"https:\/\/japan-in-baden-wuerttemberg.de\/djg2018\/einladung-japanisches-neujahrsfest-shinnenkai-%e6%96%b0%e5%b9%b4%e4%bc%9a-2025\/"},"author":{"name":"Redaktion","@id":"https:\/\/japan-in-baden-wuerttemberg.de\/djg2018\/#\/schema\/person\/d5ba61c63aeb9f885125e6fae0a8b20c"},"headline":"Einladung: Japanisches Neujahrsfest Shinnenkai \u65b0\u5e74\u4f1a","datePublished":"2024-12-15T23:04:28+00:00","dateModified":"2025-02-07T07:54:01+00:00","mainEntityOfPage":{"@id":"https:\/\/japan-in-baden-wuerttemberg.de\/djg2018\/einladung-japanisches-neujahrsfest-shinnenkai-%e6%96%b0%e5%b9%b4%e4%bc%9a-2025\/"},"wordCount":248,"publisher":{"@id":"https:\/\/japan-in-baden-wuerttemberg.de\/djg2018\/#organization"},"image":{"@id":"https:\/\/japan-in-baden-wuerttemberg.de\/djg2018\/einladung-japanisches-neujahrsfest-shinnenkai-%e6%96%b0%e5%b9%b4%e4%bc%9a-2025\/#primaryimage"},"thumbnailUrl":"https:\/\/japan-in-baden-wuerttemberg.de\/djg2018\/wp-content\/uploads\/2024\/12\/SaiLento_web.jpg","keywords":["Einladung","Shinnenkai"],"articleSection":["Veranstaltungs-Berichte"],"inLanguage":"de"},{"@type":"WebPage","@id":"https:\/\/japan-in-baden-wuerttemberg.de\/djg2018\/einladung-japanisches-neujahrsfest-shinnenkai-%e6%96%b0%e5%b9%b4%e4%bc%9a-2025\/","url":"https:\/\/japan-in-baden-wuerttemberg.de\/djg2018\/einladung-japanisches-neujahrsfest-shinnenkai-%e6%96%b0%e5%b9%b4%e4%bc%9a-2025\/","name":"Einladung: Japanisches Neujahrsfest Shinnenkai \u65b0\u5e74\u4f1a - DJG BW | Deutsch-Japanische Gesellschaft Baden-W\u00fcrttemberg e.V.","isPartOf":{"@id":"https:\/\/japan-in-baden-wuerttemberg.de\/djg2018\/#website"},"primaryImageOfPage":{"@id":"https:\/\/japan-in-baden-wuerttemberg.de\/djg2018\/einladung-japanisches-neujahrsfest-shinnenkai-%e6%96%b0%e5%b9%b4%e4%bc%9a-2025\/#primaryimage"},"image":{"@id":"https:\/\/japan-in-baden-wuerttemberg.de\/djg2018\/einladung-japanisches-neujahrsfest-shinnenkai-%e6%96%b0%e5%b9%b4%e4%bc%9a-2025\/#primaryimage"},"thumbnailUrl":"https:\/\/japan-in-baden-wuerttemberg.de\/djg2018\/wp-content\/uploads\/2024\/12\/SaiLento_web.jpg","datePublished":"2024-12-15T23:04:28+00:00","dateModified":"2025-02-07T07:54:01+00:00","breadcrumb":{"@id":"https:\/\/japan-in-baden-wuerttemberg.de\/djg2018\/einladung-japanisches-neujahrsfest-shinnenkai-%e6%96%b0%e5%b9%b4%e4%bc%9a-2025\/#breadcrumb"},"inLanguage":"de","potentialAction":[{"@type":"ReadAction","target":["https:\/\/japan-in-baden-wuerttemberg.de\/djg2018\/einladung-japanisches-neujahrsfest-shinnenkai-%e6%96%b0%e5%b9%b4%e4%bc%9a-2025\/"]}]},{"@type":"ImageObject","inLanguage":"de","@id":"https:\/\/japan-in-baden-wuerttemberg.de\/djg2018\/einladung-japanisches-neujahrsfest-shinnenkai-%e6%96%b0%e5%b9%b4%e4%bc%9a-2025\/#primaryimage","url":"https:\/\/japan-in-baden-wuerttemberg.de\/djg2018\/wp-content\/uploads\/2024\/12\/SaiLento_web.jpg","contentUrl":"https:\/\/japan-in-baden-wuerttemberg.de\/djg2018\/wp-content\/uploads\/2024\/12\/SaiLento_web.jpg","width":1600,"height":1069},{"@type":"BreadcrumbList","@id":"https:\/\/japan-in-baden-wuerttemberg.de\/djg2018\/einladung-japanisches-neujahrsfest-shinnenkai-%e6%96%b0%e5%b9%b4%e4%bc%9a-2025\/#breadcrumb","itemListElement":[{"@type":"ListItem","position":1,"name":"Startseite","item":"https:\/\/japan-in-baden-wuerttemberg.de\/djg2018\/"},{"@type":"ListItem","position":2,"name":"Einladung: Japanisches Neujahrsfest Shinnenkai \u65b0\u5e74\u4f1a"}]},{"@type":"WebSite","@id":"https:\/\/japan-in-baden-wuerttemberg.de\/djg2018\/#website","url":"https:\/\/japan-in-baden-wuerttemberg.de\/djg2018\/","name":"DJG BW | Deutsch-Japanische Gesellschaft Baden-W\u00fcrttemberg e.V.","description":"","publisher":{"@id":"https:\/\/japan-in-baden-wuerttemberg.de\/djg2018\/#organization"},"potentialAction":[{"@type":"SearchAction","target":{"@type":"EntryPoint","urlTemplate":"https:\/\/japan-in-baden-wuerttemberg.de\/djg2018\/?s={search_term_string}"},"query-input":{"@type":"PropertyValueSpecification","valueRequired":true,"valueName":"search_term_string"}}],"inLanguage":"de"},{"@type":"Organization","@id":"https:\/\/japan-in-baden-wuerttemberg.de\/djg2018\/#organization","name":"Deutsch-Japanische Gesellschaft Baden-W\u00fcrttemberg e.V.","url":"https:\/\/japan-in-baden-wuerttemberg.de\/djg2018\/","logo":{"@type":"ImageObject","inLanguage":"de","@id":"https:\/\/japan-in-baden-wuerttemberg.de\/djg2018\/#\/schema\/logo\/image\/","url":"https:\/\/japan-in-baden-wuerttemberg.de\/djg2018\/wp-content\/uploads\/2018\/12\/djg_bw_logo2.jpg","contentUrl":"https:\/\/japan-in-baden-wuerttemberg.de\/djg2018\/wp-content\/uploads\/2018\/12\/djg_bw_logo2.jpg","width":708,"height":200,"caption":"Deutsch-Japanische Gesellschaft Baden-W\u00fcrttemberg e.V."},"image":{"@id":"https:\/\/japan-in-baden-wuerttemberg.de\/djg2018\/#\/schema\/logo\/image\/"}},{"@type":"Person","@id":"https:\/\/japan-in-baden-wuerttemberg.de\/djg2018\/#\/schema\/person\/d5ba61c63aeb9f885125e6fae0a8b20c","name":"Redaktion","image":{"@type":"ImageObject","inLanguage":"de","@id":"https:\/\/japan-in-baden-wuerttemberg.de\/djg2018\/wp-content\/wphb-cache\/gravatar\/5cb\/5cb9854e344676cae1832d3b7566e6f1x96.jpg","url":"https:\/\/japan-in-baden-wuerttemberg.de\/djg2018\/wp-content\/wphb-cache\/gravatar\/5cb\/5cb9854e344676cae1832d3b7566e6f1x96.jpg","contentUrl":"https:\/\/japan-in-baden-wuerttemberg.de\/djg2018\/wp-content\/wphb-cache\/gravatar\/5cb\/5cb9854e344676cae1832d3b7566e6f1x96.jpg","caption":"Redaktion"},"url":"https:\/\/japan-in-baden-wuerttemberg.de\/djg2018\/author\/david\/"}]}},"_links":{"self":[{"href":"https:\/\/japan-in-baden-wuerttemberg.de\/djg2018\/wp-json\/wp\/v2\/posts\/10106","targetHints":{"allow":["GET"]}}],"collection":[{"href":"https:\/\/japan-in-baden-wuerttemberg.de\/djg2018\/wp-json\/wp\/v2\/posts"}],"about":[{"href":"https:\/\/japan-in-baden-wuerttemberg.de\/djg2018\/wp-json\/wp\/v2\/types\/post"}],"author":[{"embeddable":true,"href":"https:\/\/japan-in-baden-wuerttemberg.de\/djg2018\/wp-json\/wp\/v2\/users\/1"}],"replies":[{"embeddable":true,"href":"https:\/\/japan-in-baden-wuerttemberg.de\/djg2018\/wp-json\/wp\/v2\/comments?post=10106"}],"version-history":[{"count":0,"href":"https:\/\/japan-in-baden-wuerttemberg.de\/djg2018\/wp-json\/wp\/v2\/posts\/10106\/revisions"}],"wp:featuredmedia":[{"embeddable":true,"href":"https:\/\/japan-in-baden-wuerttemberg.de\/djg2018\/wp-json\/wp\/v2\/media\/10105"}],"wp:attachment":[{"href":"https:\/\/japan-in-baden-wuerttemberg.de\/djg2018\/wp-json\/wp\/v2\/media?parent=10106"}],"wp:term":[{"taxonomy":"category","embeddable":true,"href":"https:\/\/japan-in-baden-wuerttemberg.de\/djg2018\/wp-json\/wp\/v2\/categories?post=10106"},{"taxonomy":"post_tag","embeddable":true,"href":"https:\/\/japan-in-baden-wuerttemberg.de\/djg2018\/wp-json\/wp\/v2\/tags?post=10106"}],"curies":[{"name":"wp","href":"https:\/\/api.w.org\/{rel}","templated":true}]}}