{"id":3650,"global_id":"japan-in-baden-wuerttemberg.de\/djg2018?id=3650","global_id_lineage":["japan-in-baden-wuerttemberg.de\/djg2018?id=3650"],"author":"1","status":"publish","date":"2022-10-10 21:39:32","date_utc":"2022-10-10 19:39:32","modified":"2022-10-10 21:40:56","modified_utc":"2022-10-10 19:40:56","url":"https:\/\/japan-in-baden-wuerttemberg.de\/djg2018\/event\/filmabend-tora-san-und-die-weinroten-blumen-%e5%af%85%e6%ac%a1%e9%83%8e%e7%b4%85%e3%81%ae%e8%8a%b1\/","rest_url":"https:\/\/japan-in-baden-wuerttemberg.de\/djg2018\/wp-json\/tribe\/events\/v1\/events\/3650","title":"Filmabend: Tora-san und die weinroten Blumen (\u5bc5\u6b21\u90ce\u7d05\u306e\u82b1)","description":"<p><a href=\"https:\/\/www.jki.de\/\" target=\"_blank\" rel=\"noopener\"><img loading=\"lazy\" decoding=\"async\" class=\"alignleft wp-image-3636 size-medium\" src=\"https:\/\/japan-in-baden-wuerttemberg.de\/djg2018\/wp-content\/uploads\/2022\/10\/JKI_Log_01-300x136.png\" alt=\"\" width=\"300\" height=\"136\" srcset=\"https:\/\/japan-in-baden-wuerttemberg.de\/djg2018\/wp-content\/uploads\/2022\/10\/JKI_Log_01-300x136.png 300w, https:\/\/japan-in-baden-wuerttemberg.de\/djg2018\/wp-content\/uploads\/2022\/10\/JKI_Log_01-768x349.png 768w, https:\/\/japan-in-baden-wuerttemberg.de\/djg2018\/wp-content\/uploads\/2022\/10\/JKI_Log_01.png 1000w\" sizes=\"(max-width: 300px) 100vw, 300px\" \/><\/a>In Zusammenarbeit mit dem Japanischen Kulturinstitut K\u00f6ln zeigen wir den letzten Spielfilm aus der Kultserie Otoko wa tsurai yo \u7537\u306f\u3064\u3089\u3044\u3088. Es ist hart, ein Mann zu sein mit dem Hauptdarsteller Atsumi Kiyoshi (1928-1996) aus dem Jahr 1995: Torajir\u00f4 kurenai no hana \u5bc5\u6b21\u90ce\u7d05\u306e\u82b1 Tora-san und die weinroten Blumen.<\/p>\n<p>Im Mittelpunkt steht der Handlungsreisende Tora-san, verk\u00f6rpert durch den Publikumsliebling Atsumi Kiyoshi, der als freiwilliger Helfer nach Kobe gegangen ist, um nach dem schweren Erdbeben dort zu helfen. Dies erf\u00e4hrt seine Familie per Zufall aus dem Fernsehen. Zudem bereitet Mitsuo, der Neffe von Tora-san, der Familie gro\u00dfe Sorgen, weil er aus Liebeskummer viel Unheil angerichtet hat und auf die Insel Amami \u00d4shima gefl\u00fcchtet ist. Dort findet ein Wiedersehen mit der ehemaligen Bars\u00e4ngerin Lili statt, die Tora-san aus fr\u00fcheren Jahren gut gekannt hat.<\/p>\n<p>Die letzte Folge, die 48., aus der Reihe Otoko wa tsurai yo \u7537\u306f\u3064\u3089\u3044\u3088 Es ist hart, ein Mann zu sein: Torajir\u00f4 kurenai no hana \u5bc5\u6b21\u90ce\u7d05\u306e\u82b1 . Tora-san und die weinroten Blumen bildet den Abschluss der \u00fcberaus erfolgreichen Spielfilmreihe, die 1969 zun\u00e4chst als TV-Serie begonnen hatte und zumeist zum Jahresende ausgestrahlt wurde. Alle Generationen schauten vereint die jeweils abgeschlossenen Geschichten, in denen der humorvolle Hauptdarsteller Tora-san in immer wieder neue Abenteuer ger\u00e4t, die ihn kreuz und quer durch Japan f\u00fchren. Mit dem Tod des Schauspielers Atsumi Kiyoshi wurde die Filmserie eingestellt.<\/p>\n<ul>\n<li>Produktionsjahr: 1995, 16mm<\/li>\n<li>Sprache: OmdU<\/li>\n<li>L\u00e4nge: 110 Minuten<\/li>\n<li>Regie und Drehbuch: Yamada Y\u00f4ji<\/li>\n<\/ul>\n<p><strong>Wo?<\/strong><br \/>\nOTTO HERBERT HAJEK-Saal im B\u00fcrgerzentrum Stuttgart-West<br \/>\nBebelstr. 22, 70193 Stuttgart<\/p>\n<p><span style=\"font-size: 10pt;\">Bild: \u00a9 1995 Shochiku Co., Ltd.<\/span><\/p>","excerpt":"","slug":"filmabend-tora-san-und-die-weinroten-blumen-%e5%af%85%e6%ac%a1%e9%83%8e%e7%b4%85%e3%81%ae%e8%8a%b1","image":{"url":"https:\/\/japan-in-baden-wuerttemberg.de\/djg2018\/wp-content\/uploads\/2022\/10\/sp123a-Weinrote-Blumen.jpg","id":3635,"extension":"jpg","width":999,"height":664,"filesize":523388,"sizes":{"medium":{"width":300,"height":199,"mime-type":"image\/jpeg","filesize":15944,"url":"https:\/\/japan-in-baden-wuerttemberg.de\/djg2018\/wp-content\/uploads\/2022\/10\/sp123a-Weinrote-Blumen-300x199.jpg"},"thumbnail":{"width":309,"height":185,"mime-type":"image\/jpeg","filesize":15693,"url":"https:\/\/japan-in-baden-wuerttemberg.de\/djg2018\/wp-content\/uploads\/2022\/10\/sp123a-Weinrote-Blumen-309x185.jpg"},"medium_large":{"width":768,"height":510,"mime-type":"image\/jpeg","filesize":77419,"url":"https:\/\/japan-in-baden-wuerttemberg.de\/djg2018\/wp-content\/uploads\/2022\/10\/sp123a-Weinrote-Blumen-768x510.jpg"},"et-builder-post-main-image":{"width":400,"height":250,"mime-type":"image\/jpeg","filesize":24809,"url":"https:\/\/japan-in-baden-wuerttemberg.de\/djg2018\/wp-content\/uploads\/2022\/10\/sp123a-Weinrote-Blumen-400x250.jpg"},"et-builder-portfolio-image":{"width":400,"height":284,"mime-type":"image\/jpeg","filesize":26958,"url":"https:\/\/japan-in-baden-wuerttemberg.de\/djg2018\/wp-content\/uploads\/2022\/10\/sp123a-Weinrote-Blumen-400x284.jpg"},"et-builder-gallery-image-portrait":{"width":400,"height":516,"mime-type":"image\/jpeg","filesize":39017,"url":"https:\/\/japan-in-baden-wuerttemberg.de\/djg2018\/wp-content\/uploads\/2022\/10\/sp123a-Weinrote-Blumen-400x516.jpg"},"extra-image-single-post":{"width":999,"height":640,"mime-type":"image\/jpeg","filesize":158591,"url":"https:\/\/japan-in-baden-wuerttemberg.de\/djg2018\/wp-content\/uploads\/2022\/10\/sp123a-Weinrote-Blumen-999x640.jpg"},"extra-image-medium":{"width":627,"height":376,"mime-type":"image\/jpeg","filesize":50192,"url":"https:\/\/japan-in-baden-wuerttemberg.de\/djg2018\/wp-content\/uploads\/2022\/10\/sp123a-Weinrote-Blumen-627x376.jpg"},"extra-image-small":{"width":440,"height":264,"mime-type":"image\/jpeg","filesize":27851,"url":"https:\/\/japan-in-baden-wuerttemberg.de\/djg2018\/wp-content\/uploads\/2022\/10\/sp123a-Weinrote-Blumen-440x264.jpg"},"extra-image-square-medium":{"width":440,"height":440,"mime-type":"image\/jpeg","filesize":38132,"url":"https:\/\/japan-in-baden-wuerttemberg.de\/djg2018\/wp-content\/uploads\/2022\/10\/sp123a-Weinrote-Blumen-440x440.jpg"},"extra-image-square-small":{"width":150,"height":150,"mime-type":"image\/jpeg","filesize":6549,"url":"https:\/\/japan-in-baden-wuerttemberg.de\/djg2018\/wp-content\/uploads\/2022\/10\/sp123a-Weinrote-Blumen-150x150.jpg"}}},"all_day":false,"start_date":"2022-10-21 19:00:00","start_date_details":{"year":"2022","month":"10","day":"21","hour":"19","minutes":"00","seconds":"00"},"end_date":"2022-10-21 21:00:00","end_date_details":{"year":"2022","month":"10","day":"21","hour":"21","minutes":"00","seconds":"00"},"utc_start_date":"2022-10-21 17:00:00","utc_start_date_details":{"year":"2022","month":"10","day":"21","hour":"17","minutes":"00","seconds":"00"},"utc_end_date":"2022-10-21 19:00:00","utc_end_date_details":{"year":"2022","month":"10","day":"21","hour":"19","minutes":"00","seconds":"00"},"timezone":"Europe\/Berlin","timezone_abbr":"CEST","cost":"Kostenlos","cost_details":{"currency_symbol":"\u20ac","currency_code":"","currency_position":"prefix","values":["0"]},"website":"","show_map":true,"show_map_link":true,"hide_from_listings":false,"sticky":false,"featured":false,"categories":[{"name":"Filmvorf\u00fchrung","slug":"filmvorfuehrung","term_group":0,"term_taxonomy_id":22,"taxonomy":"tribe_events_cat","description":"","parent":0,"count":14,"filter":"raw","id":22,"urls":{"self":"https:\/\/japan-in-baden-wuerttemberg.de\/djg2018\/wp-json\/tribe\/events\/v1\/categories\/22","collection":"https:\/\/japan-in-baden-wuerttemberg.de\/djg2018\/wp-json\/tribe\/events\/v1\/categories"}}],"tags":[{"name":"film","slug":"film","term_group":0,"term_taxonomy_id":70,"taxonomy":"post_tag","description":"","parent":0,"count":5,"filter":"raw","id":70,"urls":{"self":"https:\/\/japan-in-baden-wuerttemberg.de\/djg2018\/wp-json\/tribe\/events\/v1\/tags\/70","collection":"https:\/\/japan-in-baden-wuerttemberg.de\/djg2018\/wp-json\/tribe\/events\/v1\/tags"}},{"name":"Filmabend","slug":"filmabend","term_group":0,"term_taxonomy_id":106,"taxonomy":"post_tag","description":"","parent":0,"count":6,"filter":"raw","id":106,"urls":{"self":"https:\/\/japan-in-baden-wuerttemberg.de\/djg2018\/wp-json\/tribe\/events\/v1\/tags\/106","collection":"https:\/\/japan-in-baden-wuerttemberg.de\/djg2018\/wp-json\/tribe\/events\/v1\/tags"}},{"name":"Filmvorf\u00fchrung","slug":"filmvorfuehrung","term_group":0,"term_taxonomy_id":62,"taxonomy":"post_tag","description":"","parent":0,"count":21,"filter":"raw","id":62,"urls":{"self":"https:\/\/japan-in-baden-wuerttemberg.de\/djg2018\/wp-json\/tribe\/events\/v1\/tags\/62","collection":"https:\/\/japan-in-baden-wuerttemberg.de\/djg2018\/wp-json\/tribe\/events\/v1\/tags"}}],"venue":{"id":739,"author":"2","status":"publish","date":"2019-02-12 10:14:29","date_utc":"2019-02-12 09:14:29","modified":"2019-02-12 10:14:29","modified_utc":"2019-02-12 09:14:29","url":"https:\/\/japan-in-baden-wuerttemberg.de\/djg2018\/veranstaltungsort\/buergerzentrum-stuttgart-west\/","venue":"B\u00fcrgerzentrum Stuttgart-West","slug":"buergerzentrum-stuttgart-west","address":"Bebelstrasse 22","city":"Stuttgart","country":"Deutschland","zip":"70193","json_ld":{"@type":"Place","name":"B\u00fcrgerzentrum Stuttgart-West","description":"","url":"","address":{"@type":"PostalAddress","streetAddress":"Bebelstrasse 22","addressLocality":"Stuttgart","postalCode":"70193","addressCountry":"Deutschland"},"telephone":"","sameAs":""},"show_map":true,"show_map_link":true,"global_id":"japan-in-baden-wuerttemberg.de\/djg2018?id=739","global_id_lineage":["japan-in-baden-wuerttemberg.de\/djg2018?id=739"]},"organizer":[{"id":538,"author":"1","status":"publish","date":"2018-12-17 23:08:22","date_utc":"2018-12-17 22:08:22","modified":"2019-06-05 22:03:42","modified_utc":"2019-06-05 20:03:42","url":"https:\/\/japan-in-baden-wuerttemberg.de\/djg2018\/veranstalter\/djg-bw\/","organizer":"DJG-BW","slug":"djg-bw","email":"vorstand@djg-bw.de","json_ld":{"@type":"Person","name":"DJG-BW","description":"","url":"","telephone":"","email":"&#118;&#111;r&#115;&#116;a&#110;&#100;&#64;d&#106;&#103;&#45;&#98;&#119;.&#100;e","sameAs":""},"global_id":"japan-in-baden-wuerttemberg.de\/djg2018?id=538","global_id_lineage":["japan-in-baden-wuerttemberg.de\/djg2018?id=538"]},{"id":2595,"author":"1","status":"publish","date":"2022-04-26 01:15:40","date_utc":"2022-04-25 23:15:40","modified":"2022-04-26 01:15:40","modified_utc":"2022-04-25 23:15:40","url":"https:\/\/japan-in-baden-wuerttemberg.de\/djg2018\/veranstalter\/japanisches-kulturinstitut-koeln\/","organizer":"Japanisches Kulturinstitut K\u00f6ln","slug":"japanisches-kulturinstitut-koeln","phone":"+49 (0) 221 \/ 94 05 580","website":"https:\/\/www.jki.de\/","email":"jfco@jki.de","json_ld":{"@type":"Person","name":"Japanisches Kulturinstitut K\u00f6ln","description":"","url":"https:\/\/www.jki.de\/","telephone":"+49 (0) 221 \/ 94 05 580","email":"jfc&#111;&#64;jki.&#100;e","sameAs":"https:\/\/www.jki.de\/"},"global_id":"japan-in-baden-wuerttemberg.de\/djg2018?id=2595","global_id_lineage":["japan-in-baden-wuerttemberg.de\/djg2018?id=2595"]}],"custom_fields":[],"json_ld":{"@context":"http:\/\/schema.org","@type":"Event","name":"Filmabend: Tora-san und die weinroten Blumen (\u5bc5\u6b21\u90ce\u7d05\u306e\u82b1)","description":"&lt;p&gt;In Zusammenarbeit mit dem Japanischen Kulturinstitut K\u00f6ln zeigen wir den letzten Spielfilm aus der Kultserie Otoko wa tsurai yo \u7537\u306f\u3064\u3089\u3044\u3088. Es ist hart, ein Mann zu sein mit dem Hauptdarsteller [&hellip;]&lt;\/p&gt;\\n","image":"https:\/\/japan-in-baden-wuerttemberg.de\/djg2018\/wp-content\/uploads\/2022\/10\/sp123a-Weinrote-Blumen.jpg","url":"https:\/\/japan-in-baden-wuerttemberg.de\/djg2018\/event\/filmabend-tora-san-und-die-weinroten-blumen-%e5%af%85%e6%ac%a1%e9%83%8e%e7%b4%85%e3%81%ae%e8%8a%b1\/","eventAttendanceMode":"https:\/\/schema.org\/OfflineEventAttendanceMode","eventStatus":"https:\/\/schema.org\/EventScheduled","startDate":"2022-10-21T19:00:00+02:00","endDate":"2022-10-21T21:00:00+02:00","location":{"@type":"Place","name":"B\u00fcrgerzentrum Stuttgart-West","description":"","url":"","address":{"@type":"PostalAddress","streetAddress":"Bebelstrasse 22","addressLocality":"Stuttgart","postalCode":"70193","addressCountry":"Deutschland"},"telephone":"","sameAs":""},"organizer":{"@type":"Person","name":"DJG-BW","description":"","url":"","telephone":"","email":"v&#111;&#114;&#115;ta&#110;d&#64;djg&#45;&#98;&#119;.&#100;&#101;","sameAs":""},"offers":{"@type":"Offer","price":"0","priceCurrency":"USD","url":"https:\/\/japan-in-baden-wuerttemberg.de\/djg2018\/event\/filmabend-tora-san-und-die-weinroten-blumen-%e5%af%85%e6%ac%a1%e9%83%8e%e7%b4%85%e3%81%ae%e8%8a%b1\/","category":"primary","availability":"inStock","validFrom":"1970-01-01T00:00:00+00:00"},"performer":"Organization"}}