{"id":2493,"global_id":"japan-in-baden-wuerttemberg.de\/djg2018?id=2493","global_id_lineage":["japan-in-baden-wuerttemberg.de\/djg2018?id=2493"],"author":"1","status":"publish","date":"2022-03-01 10:48:29","date_utc":"2022-03-01 09:48:29","modified":"2022-03-24 11:14:53","modified_utc":"2022-03-24 10:14:53","url":"https:\/\/japan-in-baden-wuerttemberg.de\/djg2018\/event\/das-japanische-fruehjahrsfest-der-deutsch-japanischen-gesellschaft-bw-hosei-%e8%90%8c%e7%94%9f-knospenaufbruch-bluetenleuchten\/","rest_url":"https:\/\/japan-in-baden-wuerttemberg.de\/djg2018\/wp-json\/tribe\/events\/v1\/events\/2493","title":"Das japanische Fr\u00fchjahrsfest der Deutsch-Japanischen Gesellschaft BW H\u014dsei \u840c\u751f Knospenaufbruch | | Bl\u00fctenleuchten","description":"<h3><span style=\"color: #ff0000;\">Aktueller Hinweis: <\/span><br \/>\n<span style=\"color: #ff0000;\">Anmeldung nur noch heute, 24.3.22 per Doodle, Mail, und Telefon m\u00f6glich! <\/span><span style=\"color: #ff0000;\">Restkarten an der Abendkasse, \u00d6ffnungszeit am 26.3. und 27.3. jeweils ab 17:15 Uhr.<\/span><\/h3>\n<h3><\/h3>\n<h3><strong>Vortrag, Musik, Gespr\u00e4che mit Imbiss <\/strong><\/h3>\n<p><strong>Vortrag: \u201eJapanische und deutsche Holzbaukunst \u2013 Eine gemeinsame Geschichte?\u201c<\/strong><br \/>\nvon Kai Kumano,\u00a0 anl\u00e4sslich der Neuerscheinung seines Buches \u201eDer japanische Sakralbau. Theorie der Praxis\u201c im J.S. Klotz Verlagshaus<\/p>\n<p><strong>Musik: Performance \u201ekoko <\/strong><strong>\u3053\u3053<\/strong><strong>\u201c<br \/>\n<\/strong>vom K\u00fcnstlerduo ShoSh\u014d<\/p>\n<p><strong>Ichizu Hashimoto<\/strong><br \/>\nKalligraphie Sho \u66f8, Video<\/p>\n<p><strong>Junko Yamamoto<\/strong><br \/>\nJapanische Mundorgel Sh\u014d \u7b19, Klavier, Glasharfe, Perkussion<\/p>\n<p><strong>Oliver Sascha Frick<\/strong><br \/>\nElektronik, Klangregie<\/p>\n<p><strong>Gespr\u00e4che mit Imbiss<\/strong><br \/>\nEssen und Trinken nach japanischer Art und ein Miteinander im freundlichen Gespr\u00e4ch.<br \/>\nEine Sushi-Box und Getr\u00e4nke werden verk\u00e4uflich sein.<\/p>\n<p><strong><br \/>\nWann?<br \/>\n<\/strong>Samstag, den 26.03.2022 und Sonntag, den 27.03.2022 (<strong>Achtung! Beginn der Sommerzeit<\/strong>).<br \/>\nBeginn jeweils um 18.00 Uhr, Ende gegen 21.15 Uhr<\/p>\n<p><strong>Ort<br \/>\n<\/strong>Literaturhaus Stuttgart, Breitscheidstra\u00dfe 4, 70174 Stuttgart<\/p>\n<p><strong>Eintritt\u00a0\u00a0<\/strong><br \/>\n15 \u20ac f\u00fcr Nicht-Mitglieder, 5 \u20ac f\u00fcr DJG-Mitglieder, Studierende, u.a.<\/p>\n<p><strong>Anfahrt<\/strong><br \/>\nMit \u00f6ffentlichen Verkehrsmitteln: Haltestellen Berliner Platz\/Liederhalle und Berliner Platz\/Hohe Stra\u00dfe<br \/>\nParkh\u00e4user in der Umgebung: Liederhalle\/Bosch-Areal, Tivoli, Schlossstra\u00dfe, Holzgartenstra\u00dfe und Hofdienergarage<\/p>\n<p><strong>Anmeldung:<\/strong><\/p>\n<p><span style=\"text-decoration: underline; color: #ff0000;\"><a style=\"color: #ff0000; text-decoration: underline;\" href=\"https:\/\/doodle.com\/poll\/zcyyt77tufe7numw?utm_source=poll&amp;utm_medium=link\" target=\"_blank\" rel=\"noopener\">Hier geht es zur Anmeldung (Doodle) &#8230;<\/a><\/span><\/p>\n<p>oder telefonisch unter <strong>0711-127 777 99<\/strong><br \/>\noder per E-Mail an: <a href=\"mailto:japanisches.honorarkonsulat@de.trumpf.com\">japanisches.honorarkonsulat@de.trumpf.com<\/a><\/p>\n<p><strong><img loading=\"lazy\" decoding=\"async\" class=\"size-full wp-image-2484 alignnone\" src=\"https:\/\/japan-in-baden-wuerttemberg.de\/djg2018\/wp-content\/uploads\/2022\/03\/fruehlingsfest_web.jpg\" alt=\"\" width=\"584\" height=\"785\" srcset=\"https:\/\/japan-in-baden-wuerttemberg.de\/djg2018\/wp-content\/uploads\/2022\/03\/fruehlingsfest_web.jpg 584w, https:\/\/japan-in-baden-wuerttemberg.de\/djg2018\/wp-content\/uploads\/2022\/03\/fruehlingsfest_web-223x300.jpg 223w\" sizes=\"(max-width: 584px) 100vw, 584px\" \/><br \/>\n<span style=\"font-size: 10pt;\">\u00a9 Kai Kumano<\/span><\/strong><\/p>","excerpt":"","slug":"das-japanische-fruehjahrsfest-der-deutsch-japanischen-gesellschaft-bw-hosei-%e8%90%8c%e7%94%9f-knospenaufbruch-bluetenleuchten","image":{"url":"https:\/\/japan-in-baden-wuerttemberg.de\/djg2018\/wp-content\/uploads\/2022\/03\/shosho_web.jpg","id":2479,"extension":"jpg","width":1064,"height":787,"sizes":{"medium":{"width":300,"height":222,"mime-type":"image\/jpeg","url":"https:\/\/japan-in-baden-wuerttemberg.de\/djg2018\/wp-content\/uploads\/2022\/03\/shosho_web-300x222.jpg"},"large":{"width":1024,"height":757,"mime-type":"image\/jpeg","url":"https:\/\/japan-in-baden-wuerttemberg.de\/djg2018\/wp-content\/uploads\/2022\/03\/shosho_web-1024x757.jpg"},"thumbnail":{"width":309,"height":185,"mime-type":"image\/jpeg","url":"https:\/\/japan-in-baden-wuerttemberg.de\/djg2018\/wp-content\/uploads\/2022\/03\/shosho_web-309x185.jpg"},"medium_large":{"width":768,"height":568,"mime-type":"image\/jpeg","url":"https:\/\/japan-in-baden-wuerttemberg.de\/djg2018\/wp-content\/uploads\/2022\/03\/shosho_web-768x568.jpg"},"et-builder-post-main-image":{"width":400,"height":250,"mime-type":"image\/jpeg","url":"https:\/\/japan-in-baden-wuerttemberg.de\/djg2018\/wp-content\/uploads\/2022\/03\/shosho_web-400x250.jpg"},"et-builder-post-main-image-fullwidth":{"width":1064,"height":675,"mime-type":"image\/jpeg","url":"https:\/\/japan-in-baden-wuerttemberg.de\/djg2018\/wp-content\/uploads\/2022\/03\/shosho_web-1064x675.jpg"},"et-builder-portfolio-image":{"width":400,"height":284,"mime-type":"image\/jpeg","url":"https:\/\/japan-in-baden-wuerttemberg.de\/djg2018\/wp-content\/uploads\/2022\/03\/shosho_web-400x284.jpg"},"et-builder-gallery-image-portrait":{"width":400,"height":516,"mime-type":"image\/jpeg","url":"https:\/\/japan-in-baden-wuerttemberg.de\/djg2018\/wp-content\/uploads\/2022\/03\/shosho_web-400x516.jpg"},"extra-image-huge":{"width":1064,"height":768,"mime-type":"image\/jpeg","url":"https:\/\/japan-in-baden-wuerttemberg.de\/djg2018\/wp-content\/uploads\/2022\/03\/shosho_web-1064x768.jpg"},"extra-image-single-post":{"width":1064,"height":640,"mime-type":"image\/jpeg","url":"https:\/\/japan-in-baden-wuerttemberg.de\/djg2018\/wp-content\/uploads\/2022\/03\/shosho_web-1064x640.jpg"},"extra-image-medium":{"width":627,"height":376,"mime-type":"image\/jpeg","url":"https:\/\/japan-in-baden-wuerttemberg.de\/djg2018\/wp-content\/uploads\/2022\/03\/shosho_web-627x376.jpg"},"extra-image-small":{"width":440,"height":264,"mime-type":"image\/jpeg","url":"https:\/\/japan-in-baden-wuerttemberg.de\/djg2018\/wp-content\/uploads\/2022\/03\/shosho_web-440x264.jpg"},"extra-image-square-medium":{"width":440,"height":440,"mime-type":"image\/jpeg","url":"https:\/\/japan-in-baden-wuerttemberg.de\/djg2018\/wp-content\/uploads\/2022\/03\/shosho_web-440x440.jpg"},"extra-image-square-small":{"width":150,"height":150,"mime-type":"image\/jpeg","url":"https:\/\/japan-in-baden-wuerttemberg.de\/djg2018\/wp-content\/uploads\/2022\/03\/shosho_web-150x150.jpg"}}},"all_day":true,"start_date":"2022-03-26 00:00:00","start_date_details":{"year":"2022","month":"03","day":"26","hour":"00","minutes":"00","seconds":"00"},"end_date":"2022-03-27 23:59:59","end_date_details":{"year":"2022","month":"03","day":"27","hour":"23","minutes":"59","seconds":"59"},"utc_start_date":"2022-03-25 23:00:00","utc_start_date_details":{"year":"2022","month":"03","day":"25","hour":"23","minutes":"00","seconds":"00"},"utc_end_date":"2022-03-27 21:59:59","utc_end_date_details":{"year":"2022","month":"03","day":"27","hour":"21","minutes":"59","seconds":"59"},"timezone":"Europe\/Berlin","timezone_abbr":"CET","cost":"","cost_details":{"currency_symbol":"","currency_code":"","currency_position":"prefix","values":[]},"website":"","show_map":true,"show_map_link":true,"hide_from_listings":false,"sticky":false,"featured":false,"categories":[{"name":"Fest","slug":"fest","term_group":0,"term_taxonomy_id":90,"taxonomy":"tribe_events_cat","description":"","parent":0,"count":1,"filter":"raw","id":90,"urls":{"self":"https:\/\/japan-in-baden-wuerttemberg.de\/djg2018\/wp-json\/tribe\/events\/v1\/categories\/90","collection":"https:\/\/japan-in-baden-wuerttemberg.de\/djg2018\/wp-json\/tribe\/events\/v1\/categories"}},{"name":"Lesung &amp; Gespr\u00e4ch","slug":"lesung-gespraech","term_group":0,"term_taxonomy_id":34,"taxonomy":"tribe_events_cat","description":"","parent":0,"count":3,"filter":"raw","id":34,"urls":{"self":"https:\/\/japan-in-baden-wuerttemberg.de\/djg2018\/wp-json\/tribe\/events\/v1\/categories\/34","collection":"https:\/\/japan-in-baden-wuerttemberg.de\/djg2018\/wp-json\/tribe\/events\/v1\/categories"}},{"name":"Vortrag","slug":"vortrag","term_group":0,"term_taxonomy_id":21,"taxonomy":"tribe_events_cat","description":"","parent":0,"count":34,"filter":"raw","id":21,"urls":{"self":"https:\/\/japan-in-baden-wuerttemberg.de\/djg2018\/wp-json\/tribe\/events\/v1\/categories\/21","collection":"https:\/\/japan-in-baden-wuerttemberg.de\/djg2018\/wp-json\/tribe\/events\/v1\/categories"}}],"tags":[{"name":"Gespr\u00e4che","slug":"gespraeche","term_group":0,"term_taxonomy_id":92,"taxonomy":"post_tag","description":"","parent":0,"count":1,"filter":"raw","id":92,"urls":{"self":"https:\/\/japan-in-baden-wuerttemberg.de\/djg2018\/wp-json\/tribe\/events\/v1\/tags\/92","collection":"https:\/\/japan-in-baden-wuerttemberg.de\/djg2018\/wp-json\/tribe\/events\/v1\/tags"}},{"name":"Japanisches Fr\u00fchjahrsfest","slug":"japanisches-fruehjahrsfest","term_group":0,"term_taxonomy_id":91,"taxonomy":"post_tag","description":"","parent":0,"count":1,"filter":"raw","id":91,"urls":{"self":"https:\/\/japan-in-baden-wuerttemberg.de\/djg2018\/wp-json\/tribe\/events\/v1\/tags\/91","collection":"https:\/\/japan-in-baden-wuerttemberg.de\/djg2018\/wp-json\/tribe\/events\/v1\/tags"}},{"name":"Musik","slug":"musik","term_group":0,"term_taxonomy_id":93,"taxonomy":"post_tag","description":"","parent":0,"count":2,"filter":"raw","id":93,"urls":{"self":"https:\/\/japan-in-baden-wuerttemberg.de\/djg2018\/wp-json\/tribe\/events\/v1\/tags\/93","collection":"https:\/\/japan-in-baden-wuerttemberg.de\/djg2018\/wp-json\/tribe\/events\/v1\/tags"}},{"name":"Vortrag","slug":"vortrag","term_group":0,"term_taxonomy_id":29,"taxonomy":"post_tag","description":"","parent":0,"count":57,"filter":"raw","id":29,"urls":{"self":"https:\/\/japan-in-baden-wuerttemberg.de\/djg2018\/wp-json\/tribe\/events\/v1\/tags\/29","collection":"https:\/\/japan-in-baden-wuerttemberg.de\/djg2018\/wp-json\/tribe\/events\/v1\/tags"}}],"venue":[],"organizer":[{"id":538,"author":"1","status":"publish","date":"2018-12-17 23:08:22","date_utc":"2018-12-17 22:08:22","modified":"2019-06-05 22:03:42","modified_utc":"2019-06-05 20:03:42","url":"https:\/\/japan-in-baden-wuerttemberg.de\/djg2018\/veranstalter\/djg-bw\/","organizer":"DJG-BW","slug":"djg-bw","email":"vorstand@djg-bw.de","json_ld":{"@type":"Person","name":"DJG-BW","description":"","url":"","telephone":"","email":"&#118;&#111;r&#115;&#116;&#97;nd&#64;&#100;&#106;g-&#98;&#119;.d&#101;","sameAs":""},"global_id":"japan-in-baden-wuerttemberg.de\/djg2018?id=538","global_id_lineage":["japan-in-baden-wuerttemberg.de\/djg2018?id=538"]}],"custom_fields":[],"json_ld":{"@context":"http:\/\/schema.org","@type":"Event","name":"Das japanische Fr\u00fchjahrsfest der Deutsch-Japanischen Gesellschaft BW H\u014dsei \u840c\u751f Knospenaufbruch | | Bl\u00fctenleuchten","description":"&lt;p&gt;Aktueller Hinweis: Anmeldung nur noch heute, 24.3.22 per Doodle, Mail, und Telefon m\u00f6glich! Restkarten an der Abendkasse, \u00d6ffnungszeit am 26.3. und 27.3. jeweils ab 17:15 Uhr. Vortrag, Musik, Gespr\u00e4che mit [&hellip;]&lt;\/p&gt;\\n","image":"https:\/\/japan-in-baden-wuerttemberg.de\/djg2018\/wp-content\/uploads\/2022\/03\/shosho_web.jpg","url":"https:\/\/japan-in-baden-wuerttemberg.de\/djg2018\/event\/das-japanische-fruehjahrsfest-der-deutsch-japanischen-gesellschaft-bw-hosei-%e8%90%8c%e7%94%9f-knospenaufbruch-bluetenleuchten\/","eventAttendanceMode":"https:\/\/schema.org\/OfflineEventAttendanceMode","eventStatus":"https:\/\/schema.org\/EventScheduled","startDate":"2022-03-26T00:00:00+01:00","endDate":"2022-03-27T23:59:59+02:00","organizer":{"@type":"Person","name":"DJG-BW","description":"","url":"","telephone":"","email":"vo&#114;&#115;&#116;and&#64;d&#106;&#103;-&#98;&#119;.&#100;e","sameAs":""},"performer":"Organization"}}